{"id":96892,"date":"2026-04-24T13:31:52","date_gmt":"2026-04-24T11:31:52","guid":{"rendered":"https:\/\/www.ofmconv.net\/benedizione-della-fraternita-di-astorga-cammino-di-santiago\/"},"modified":"2026-04-24T13:36:50","modified_gmt":"2026-04-24T11:36:50","slug":"benedizione-della-fraternita-di-astorga-cammino-di-santiago","status":"publish","type":"post","link":"https:\/\/www.ofmconv.net\/es\/benedizione-della-fraternita-di-astorga-cammino-di-santiago\/","title":{"rendered":"Bendici\u00f3n de la comunidad de Astorga (Camino de Santiago)"},"content":{"rendered":"<p><strong>El s\u00e1bado 18 de abril se vivi\u00f3 una jornada hist\u00f3rica en Astorga (Le\u00f3n), con la bendici\u00f3n de la nueva presencia de nuestra Orden de Hermanos Menores Conventuales en el Camino de Santiago: la fraternidad-albergue franciscana Santa Mar\u00eda de los \u00c1ngeles, destinada a la acogida y atenci\u00f3n espiritual de los peregrinos desde el testimonio sencillo y fraterno de nuestro carisma.<\/strong><\/p>\n<p>La fraternidad est\u00e1 compuesta actualmente por cuatro Hermanos procedentes de Espa\u00f1a, Italia, Argentina e India. A\u00fan no se ha podido erigir can\u00f3nicamente como Convento, ya que se est\u00e1 a la espera del nombramiento de un nuevo obispo para esta hist\u00f3rica di\u00f3cesis del norte de Espa\u00f1a, por lo que dicha apertura oficial se realizar\u00e1 m\u00e1s adelante.<br \/>\nLa jornada comenz\u00f3 con unas palabras de bienvenida del Ministro de la Provincia de Nuestra Se\u00f1ora de Montserrat en Espa\u00f1a, Fray Juan Antonio AD\u00c1NEZ SILV\u00c1N, y una charla de Fray Jordi ALCARAZ CUENCA, Responsable de la fraternidad de Astorga, sobre la presencia hist\u00f3rica de los franciscanos conventuales en esta zona leonesa del Camino de Santiago y el itinerario recorrido hasta llegar a la apertura de esta deseada presencia estable, tras a\u00f1os de servicio temporal durante el verano en Ponferrada (Le\u00f3n).<br \/>\nSeguidamente, se procedi\u00f3 a la bendici\u00f3n de la fraternidad-albergue y se celebr\u00f3 la Santa Misa en la vecina iglesia de las monjas Franciscanas de la Tercera Orden Regular (TOR), presidida por el Ministro, Fray Juan Antonio AD\u00c1NEZ SILV\u00c1N, y concelebrada por Fray Roberto BRANDINELLI, Ministro de la Provincia italiana de San Antonio de Padua [Norte de Italia], y el Vicario general de la di\u00f3cesis de Astorga, entre otros muchos concelebrantes religiosos y diocesanos.<br \/>\nLa jornada festiva concluy\u00f3 con una comida fraterna para todos los asistentes en el comedor de la fraternidad-albergue de Nuestra Se\u00f1ora de los \u00c1ngeles. Pedimos al santo Ap\u00f3stol Santiago, amigo del Se\u00f1or, que interceda por los Hermanos de esta nueva fraternidad y por todos los peregrinos que han pasado y pasar\u00e1n por ella. \u00a1Ultreia! \u00a1Suseia!<\/p>\n<p style=\"text-align: right;\">Fray J. Abel GARC\u00cdA-CEZ\u00d3N ROLD\u00c1N.<\/p>\nngg_shortcode_0_placeholder\n","protected":false},"excerpt":{"rendered":"<p>El s\u00e1bado 18 de abril se vivi\u00f3 una jornada hist\u00f3rica en Astorga (Le\u00f3n), con la bendici\u00f3n de la nueva presencia de nuestra Orden de Hermanos Menores Conventuales en el Camino de Santiago: la fraternidad-albergue franciscana Santa Mar\u00eda de los \u00c1ngeles, destinada a la acogida y atenci\u00f3n espiritual de los peregrinos desde el testimonio sencillo y [&hellip;]<\/p>\n","protected":false},"author":1,"featured_media":96877,"comment_status":"closed","ping_status":"open","sticky":false,"template":"","format":"standard","meta":{"ngg_post_thumbnail":0,"footnotes":""},"categories":[133,116,150],"tags":[901],"class_list":["post-96892","post","type-post","status-publish","format-standard","has-post-thumbnail","category-federaciones","category-fimp-es","tag-espana"],"_links":{"self":[{"href":"https:\/\/www.ofmconv.net\/es\/wp-json\/wp\/v2\/posts\/96892","targetHints":{"allow":["GET"]}}],"collection":[{"href":"https:\/\/www.ofmconv.net\/es\/wp-json\/wp\/v2\/posts"}],"about":[{"href":"https:\/\/www.ofmconv.net\/es\/wp-json\/wp\/v2\/types\/post"}],"author":[{"embeddable":true,"href":"https:\/\/www.ofmconv.net\/es\/wp-json\/wp\/v2\/users\/1"}],"replies":[{"embeddable":true,"href":"https:\/\/www.ofmconv.net\/es\/wp-json\/wp\/v2\/comments?post=96892"}],"version-history":[{"count":1,"href":"https:\/\/www.ofmconv.net\/es\/wp-json\/wp\/v2\/posts\/96892\/revisions"}],"predecessor-version":[{"id":96897,"href":"https:\/\/www.ofmconv.net\/es\/wp-json\/wp\/v2\/posts\/96892\/revisions\/96897"}],"wp:featuredmedia":[{"embeddable":true,"href":"https:\/\/www.ofmconv.net\/es\/wp-json\/wp\/v2\/media\/96877"}],"wp:attachment":[{"href":"https:\/\/www.ofmconv.net\/es\/wp-json\/wp\/v2\/media?parent=96892"}],"wp:term":[{"taxonomy":"category","embeddable":true,"href":"https:\/\/www.ofmconv.net\/es\/wp-json\/wp\/v2\/categories?post=96892"},{"taxonomy":"post_tag","embeddable":true,"href":"https:\/\/www.ofmconv.net\/es\/wp-json\/wp\/v2\/tags?post=96892"}],"curies":[{"name":"wp","href":"https:\/\/api.w.org\/{rel}","templated":true}]}}