{"id":97246,"date":"2026-05-01T13:33:51","date_gmt":"2026-05-01T11:33:51","guid":{"rendered":"https:\/\/www.ofmconv.net\/giornate-missionarie-preghiera-e-gesti-concreti-di-solidarieta\/"},"modified":"2026-05-01T13:38:03","modified_gmt":"2026-05-01T11:38:03","slug":"giornate-missionarie-preghiera-e-gesti-concreti-di-solidarieta","status":"publish","type":"post","link":"https:\/\/www.ofmconv.net\/es\/giornate-missionarie-preghiera-e-gesti-concreti-di-solidarieta\/","title":{"rendered":"Jornadas Misioneras: oraci\u00f3n y gestos concretos de solidaridad"},"content":{"rendered":"<p><strong>Entre marzo y abril de 2026, tras varios a\u00f1os de suspensi\u00f3n, se reanudaron las Jornadas Misioneras en parroquias y santuarios, especialmente aquellos confiados a los frailes franciscanos conventuales, organizadas por el Centro Misionero Franciscano de la FIMP (Federazione Intermediterranea Ministri Provinciali). El Director, Fray Lucian-Mihai BOB\u00c2RNAC, eligi\u00f3 como primer destino la regi\u00f3n de Molise, realizando la visita en dos momentos distintos: primero en la provincia de Isernia y, posteriormente, en Campobasso.<\/strong><\/p>\n<p>Los d\u00edas 21 y 22 de marzo visit\u00f3 la Bas\u00edlica de los Santos M\u00e1rtires Nicandro, Marciano y Daria, en Venafro, provincia de Isernia. Este complejo, atendido durante quinientos a\u00f1os por los Hermanos Menores Capuchinos y, desde 2024, confiado a los Hermanos Menores Conventuales de la Provincia de San Jos\u00e9 Esposo de la Bienaventurada Virgen Mar\u00eda en Ruman\u00eda, custodia las reliquias de los santos a quienes est\u00e1 dedicado el Santuario y constituye un importante centro de devoci\u00f3n para los habitantes de Venafro y para toda la di\u00f3cesis de Isernia, de la cual los tres Santos M\u00e1rtires son patronos. La presencia de los Hermanos Conventuales ha devuelto la esperanza a numerosos fieles del Santuario, que tem\u00edan el cierre del Convento cuando, en 2023, los Hermanos Menores Capuchinos decidieron retirarse de este lugar hist\u00f3rico. La comunidad rumana est\u00e1 formada por cuatro Hermanos, cada uno con un servicio propio, y todos representan, a su manera, una riqueza humana y fraterna para la comunidad. El Guardi\u00e1n, Fray Augustin VERE\u0218, entusiasmado desde el inicio con la propuesta de organizar las jornadas misioneras, acogi\u00f3 junto con los dem\u00e1s Hermanos a Fray Lucian-Mihai durante las celebraciones de las Santas Misas del s\u00e1bado y domingo, en las que participaron fieles de todas las edades: adultos, j\u00f3venes y ni\u00f1os.<br \/>\nLos d\u00edas 25 y 26 de abril, Fray Lucian-Mihai visit\u00f3 Campobasso, en la parroquia de San Pedro, tambi\u00e9n confiada a los Hermanos Menores Conventuales rumanos desde el 11 de agosto de 2006. Actualmente la comunidad est\u00e1 formada por cinco Hermanos, cuatro sacerdotes y un Hermano religioso, quienes atienden y aseguran el acompa\u00f1amiento pastoral del pueblo de Dios. El Guardi\u00e1n y p\u00e1rroco, Fray Florin-Gheorghi\u021b\u0103 BOGDAN, junto con toda la comunidad, acogi\u00f3 con disponibilidad la propuesta de las jornadas misioneras, brindando la oportunidad de encontrarse con los fieles en todas las Misas y de presentar las misiones franciscanas y la labor de los frailes misioneros, con la intenci\u00f3n de regresar en el futuro para proponer un proyecto concreto en alguna de las misiones conventuales.<br \/>\nEn ambos encuentros, durante las celebraciones lit\u00fargicas, el Director subray\u00f3 el sentido de la misi\u00f3n como vocaci\u00f3n universal de la Iglesia y record\u00f3 que todo creyente est\u00e1 llamado a ser testigo del Evangelio, no solo en tierras lejanas, sino tambi\u00e9n en la vida cotidiana. Fue una iniciativa que logr\u00f3 integrar fe, testimonio y comuni\u00f3n, invitando a los fieles a un momento de reflexi\u00f3n y apertura hacia las realidades misioneras en el mundo.<br \/>\nJunto a las celebraciones lit\u00fargicas, despert\u00f3 gran inter\u00e9s la exposici\u00f3n de artesan\u00edas y objetos de las misiones. La muestra ofreci\u00f3 a los visitantes un verdadero recorrido entre culturas y tradiciones diversas: vestimentas t\u00edpicas y objetos artesanales narraban la vida de las comunidades encontradas por los misioneros. Cada objeto llevaba consigo una historia, un rostro, una experiencia de encuentro y servicio.<br \/>\nLas Jornadas Misioneras dejaron una huella en el coraz\u00f3n de los participantes, recordando que la misi\u00f3n es un camino compartido, hecho de fe, encuentro y amor al pr\u00f3jimo, renovando el compromiso de sostener las misiones mediante la oraci\u00f3n, la solidaridad y, cuando es posible, con gestos concretos.<br \/>\nEstas jornadas forman parte de un proyecto del Centro Misionero de la FIMP orientado a difundir el mensaje de la misi\u00f3n, promover el apoyo de nuevos benefactores y dar a conocer la labor del Centro y de los misioneros franciscanos presentes en 40 pa\u00edses del mundo.<\/p>\n<p style=\"text-align: right;\">Fray Lucian-Mihai BOB\u00c2RNAC.<\/p>\nngg_shortcode_0_placeholder\n","protected":false},"excerpt":{"rendered":"<p>Entre marzo y abril de 2026, tras varios a\u00f1os de suspensi\u00f3n, se reanudaron las Jornadas Misioneras en parroquias y santuarios, especialmente aquellos confiados a los frailes franciscanos conventuales, organizadas por el Centro Misionero Franciscano de la FIMP (Federazione Intermediterranea Ministri Provinciali). El Director, Fray Lucian-Mihai BOB\u00c2RNAC, eligi\u00f3 como primer destino la regi\u00f3n de Molise, realizando [&hellip;]<\/p>\n","protected":false},"author":1,"featured_media":97236,"comment_status":"closed","ping_status":"open","sticky":false,"template":"","format":"standard","meta":{"ngg_post_thumbnail":0,"footnotes":""},"categories":[133,116,150],"tags":[715,817],"class_list":["post-97246","post","type-post","status-publish","format-standard","has-post-thumbnail","category-federaciones","category-fimp-es","category-noticias","tag-animacion-misionera","tag-centro-misionero"],"_links":{"self":[{"href":"https:\/\/www.ofmconv.net\/es\/wp-json\/wp\/v2\/posts\/97246","targetHints":{"allow":["GET"]}}],"collection":[{"href":"https:\/\/www.ofmconv.net\/es\/wp-json\/wp\/v2\/posts"}],"about":[{"href":"https:\/\/www.ofmconv.net\/es\/wp-json\/wp\/v2\/types\/post"}],"author":[{"embeddable":true,"href":"https:\/\/www.ofmconv.net\/es\/wp-json\/wp\/v2\/users\/1"}],"replies":[{"embeddable":true,"href":"https:\/\/www.ofmconv.net\/es\/wp-json\/wp\/v2\/comments?post=97246"}],"version-history":[{"count":2,"href":"https:\/\/www.ofmconv.net\/es\/wp-json\/wp\/v2\/posts\/97246\/revisions"}],"predecessor-version":[{"id":97251,"href":"https:\/\/www.ofmconv.net\/es\/wp-json\/wp\/v2\/posts\/97246\/revisions\/97251"}],"wp:featuredmedia":[{"embeddable":true,"href":"https:\/\/www.ofmconv.net\/es\/wp-json\/wp\/v2\/media\/97236"}],"wp:attachment":[{"href":"https:\/\/www.ofmconv.net\/es\/wp-json\/wp\/v2\/media?parent=97246"}],"wp:term":[{"taxonomy":"category","embeddable":true,"href":"https:\/\/www.ofmconv.net\/es\/wp-json\/wp\/v2\/categories?post=97246"},{"taxonomy":"post_tag","embeddable":true,"href":"https:\/\/www.ofmconv.net\/es\/wp-json\/wp\/v2\/tags?post=97246"}],"curies":[{"name":"wp","href":"https:\/\/api.w.org\/{rel}","templated":true}]}}