{"id":97554,"date":"2026-05-08T13:38:32","date_gmt":"2026-05-08T11:38:32","guid":{"rendered":"https:\/\/www.ofmconv.net\/festa-della-provincia-italiana-dellimmacolata-concezione-nella-citta-di-castelbuono-francescana\/"},"modified":"2026-05-08T13:47:03","modified_gmt":"2026-05-08T11:47:03","slug":"festa-della-provincia-italiana-dellimmacolata-concezione-nella-citta-di-castelbuono-francescana","status":"publish","type":"post","link":"https:\/\/www.ofmconv.net\/es\/festa-della-provincia-italiana-dellimmacolata-concezione-nella-citta-di-castelbuono-francescana\/","title":{"rendered":"Fiesta de la Provincia Italiana de la Inmaculada Concepci\u00f3n en la \u00abCastelbuono franciscana\u00bb"},"content":{"rendered":"<p><strong>El 5 de mayo de 2026 se celebr\u00f3 la Fiesta de la Provincia Italiana de la Inmaculada Concepci\u00f3n (Sicilia y Calabria) en la localidad de Castelbuono, en Sicilia, un pueblo de profundas ra\u00edces franciscanas.<\/strong><\/p>\n<p>Se trata de la fiesta que cada a\u00f1o se celebra durante el mes de mayo en un lugar significativo; este a\u00f1o fue elegida Castelbuono, localidad de la que, en el \u00faltimo siglo, han surgido las vocaciones de una treintena de Hermanos conventuales que han desempe\u00f1ado diversos cargos dentro de la antigua Provincia siciliana de las Santas \u00c1gueda y Luc\u00eda. Entre ellas, merece un recuerdo especial la familia FIASCONARO, de la que proceden ocho Hermanos presb\u00edteros conventuales, as\u00ed como la familia LA GRUA, con dos Hermanos, adem\u00e1s de otros Hermanos pertenecientes a familias de la localidad.<br \/>\nEn esta \u00abjornada especial\u00bb, organizada en el marco de las celebraciones que la Provincia est\u00e1 promoviendo con motivo del VIII Centenario de la muerte de San Francisco, participaron cincuenta Hermanos provenientes de las catorce comunidades y sesenta y cinco colaboradores laicos de las distintas fraternidades, quienes comparten con los Hermanos el carisma franciscano y prestan servicio pastoral y operativo en las fraternidades de Sicilia y Calabria.<br \/>\nLa jornada estuvo marcada por diversos momentos en la \u00abCastelbuono hist\u00f3rica y franciscana\u00bb y, durante las siete horas de estancia, el momento culminante se vivi\u00f3 en el complejo monumental de San Francisco, donde los Hermanos conventuales habitaron durante cinco siglos, desde 1317, a\u00f1o de la fundaci\u00f3n del Convento, hasta 1866, a\u00f1o de la supresi\u00f3n de las \u00d3rdenes religiosas y de la confiscaci\u00f3n de los bienes eclesi\u00e1sticos. Desde entonces, el complejo fue destinado a cuartel, escuela y actividades municipales y muse\u00edsticas.<br \/>\nEl grupo, guiado por el Ministro provincial Fray Salvino PULIZZOTTO y organizado por el <em>castelbuon\u00e9s<\/em> Fray Paolo FIASCONARO, inici\u00f3 el recorrido desde el hist\u00f3rico Castillo de los Ventimiglia, fundadores del pueblo. En la Sala de las Cerchas, la Vicealcaldesa Annamaria MAZZOLA dirigi\u00f3 unas palabras de saludo a los participantes en nombre de la Administraci\u00f3n municipal, con el tradicional intercambio de obsequios entre el Ayuntamiento y la Provincia. Posteriormente, el doctor Salvino LEONE, escritor e historiador de Castelbuono, acompa\u00f1\u00f3 al grupo en los siete lugares visitados, ilustrando la historia del pueblo, de las iglesias y, de manera particular, de la Capilla de Santa Ana, patrona de Castelbuono.<br \/>\nRecorriendo las callejuelas del centro hist\u00f3rico, el grupo lleg\u00f3 a nuestra iglesia de San Francisco, donde tuvo lugar la solemne concelebraci\u00f3n de los Hermanos junto con el p\u00e1rroco del pueblo, don Giuseppe VACCA. M\u00e1s tarde, en el claustro del siglo XVI, la empresa pastelera de los hermanos FIASCONARO ofreci\u00f3 el almuerzo, con platos y dulces t\u00edpicos de la tradici\u00f3n local y de la misma empresa.<br \/>\nLa jornada concluy\u00f3 con la visita al museo naturalista \u00abMin\u00e0 Palumbo\u00bb, un verdadero himno a la \u00abLaudato si\u2019\u00bb, con muestras de la flora y la fauna de la cadena monta\u00f1osa de las Madonie y una colecci\u00f3n de miles de insectos, aves y muestras de la biodiversidad madonita.<br \/>\nFinalmente, la Provincia Conventual, por un d\u00eda, se \u00abreapropi\u00f3\u00bb del hist\u00f3rico complejo de San Francisco, habitado por los Hermanos conventuales durante cinco siglos.<\/p>\n<p style=\"text-align: right;\">Fray Paolo FIASCONARO.<\/p>\nngg_shortcode_0_placeholder\n","protected":false},"excerpt":{"rendered":"<p>El 5 de mayo de 2026 se celebr\u00f3 la Fiesta de la Provincia Italiana de la Inmaculada Concepci\u00f3n (Sicilia y Calabria) en la localidad de Castelbuono, en Sicilia, un pueblo de profundas ra\u00edces franciscanas. Se trata de la fiesta que cada a\u00f1o se celebra durante el mes de mayo en un lugar significativo; este a\u00f1o [&hellip;]<\/p>\n","protected":false},"author":1,"featured_media":97534,"comment_status":"closed","ping_status":"open","sticky":false,"template":"","format":"standard","meta":{"ngg_post_thumbnail":0,"footnotes":""},"categories":[133,116,150],"tags":[2573],"class_list":["post-97554","post","type-post","status-publish","format-standard","has-post-thumbnail","category-federaciones","category-fimp-es","category-noticias","tag-italia-inmaculata"],"_links":{"self":[{"href":"https:\/\/www.ofmconv.net\/es\/wp-json\/wp\/v2\/posts\/97554","targetHints":{"allow":["GET"]}}],"collection":[{"href":"https:\/\/www.ofmconv.net\/es\/wp-json\/wp\/v2\/posts"}],"about":[{"href":"https:\/\/www.ofmconv.net\/es\/wp-json\/wp\/v2\/types\/post"}],"author":[{"embeddable":true,"href":"https:\/\/www.ofmconv.net\/es\/wp-json\/wp\/v2\/users\/1"}],"replies":[{"embeddable":true,"href":"https:\/\/www.ofmconv.net\/es\/wp-json\/wp\/v2\/comments?post=97554"}],"version-history":[{"count":2,"href":"https:\/\/www.ofmconv.net\/es\/wp-json\/wp\/v2\/posts\/97554\/revisions"}],"predecessor-version":[{"id":97560,"href":"https:\/\/www.ofmconv.net\/es\/wp-json\/wp\/v2\/posts\/97554\/revisions\/97560"}],"wp:featuredmedia":[{"embeddable":true,"href":"https:\/\/www.ofmconv.net\/es\/wp-json\/wp\/v2\/media\/97534"}],"wp:attachment":[{"href":"https:\/\/www.ofmconv.net\/es\/wp-json\/wp\/v2\/media?parent=97554"}],"wp:term":[{"taxonomy":"category","embeddable":true,"href":"https:\/\/www.ofmconv.net\/es\/wp-json\/wp\/v2\/categories?post=97554"},{"taxonomy":"post_tag","embeddable":true,"href":"https:\/\/www.ofmconv.net\/es\/wp-json\/wp\/v2\/tags?post=97554"}],"curies":[{"name":"wp","href":"https:\/\/api.w.org\/{rel}","templated":true}]}}