{"id":97592,"date":"2026-05-11T18:51:05","date_gmt":"2026-05-11T16:51:05","guid":{"rendered":"https:\/\/www.ofmconv.net\/capitolo-ordinario-della-provincia-di-san-giuseppe-da-copertino-negli-stati-uniti-parte-i\/"},"modified":"2026-05-11T18:54:45","modified_gmt":"2026-05-11T16:54:45","slug":"capitolo-ordinario-della-provincia-di-san-giuseppe-da-copertino-negli-stati-uniti-parte-i","status":"publish","type":"post","link":"https:\/\/www.ofmconv.net\/es\/capitolo-ordinario-della-provincia-di-san-giuseppe-da-copertino-negli-stati-uniti-parte-i\/","title":{"rendered":"Cap\u00edtulo ordinario de la Provincia de San Jos\u00e9 de Cupertino en Estados Unidos \u2013 parte I"},"content":{"rendered":"<p><strong>Del 20 al 24 de abril de 2026, la Provincia de San Jos\u00e9 de Cupertino en Estados Unidos (Costa Oeste) celebr\u00f3 la primera parte de su Cap\u00edtulo provincial ordinario en la Casa de Retiros \u00abVilla Mar\u00eda del Mar\u00bb, en Santa Cruz, California, un lugar de serenidad junto al oc\u00e9ano Pac\u00edfico.<\/strong><\/p>\n<p>Los 26 Capitulares vivieron d\u00edas de trabajo y fraternidad en presencia del Ministro general, Fray Carlos TROVARELLI, quien presidi\u00f3 el Cap\u00edtulo y alent\u00f3 a la asamblea, recordando los ideales de la Orden, especialmente en un tiempo marcado por la preocupaci\u00f3n ante la disminuci\u00f3n del n\u00famero de Hermanos. Uno de los principales temas abordados durante el Cap\u00edtulo fue la posibilidad de una fusi\u00f3n con una Provincia m\u00e1s grande. Junto a esta importante reflexi\u00f3n, se insisti\u00f3 tambi\u00e9n en la necesidad de una renovaci\u00f3n personal y comunitaria, para que la atenci\u00f3n no se centrara \u00fanicamente en el aumento del n\u00famero de Hermanos necesario para sostener los compromisos ministeriales de la Provincia.<br \/>\nDurante el Cap\u00edtulo, el Secretario provincial, Fray James REITER, fue elegido para su primer mandato como Ministro provincial, convirti\u00e9ndose en el primer Hermano religioso entre los Franciscanos Conventuales en asumir este cargo desde los tiempos de Fray El\u00edas (1232-1239). Antes que los Frailes Menores Conventuales, los Frailes Menores Capuchinos ya hab\u00edan elegido a dos Hermanos religiosos como Ministros provinciales, en 1983 y en 2019. Fray James REITER ha servido durante muchos a\u00f1os con dedicaci\u00f3n como educador, formador y administrador.<br \/>\nEl nuevo Definitorio provincial qued\u00f3 conformado por Fray Carlos MORALES, elegido Vicario provincial; Fray John FARAO, elegido Secretario provincial; y Fray Paul GAWLOWSKI junto con Fray Luke V\u0168, elegidos Definidores provinciales. Asimismo, Fray John HEINZ fue reelegido Ec\u00f3nomo y Exactor provincial.<\/p>\n<p style=\"text-align: right;\">Fray Joseph WOOD.<\/p>\nngg_shortcode_0_placeholder\n","protected":false},"excerpt":{"rendered":"<p>Del 20 al 24 de abril de 2026, la Provincia de San Jos\u00e9 de Cupertino en Estados Unidos (Costa Oeste) celebr\u00f3 la primera parte de su Cap\u00edtulo provincial ordinario en la Casa de Retiros \u00abVilla Mar\u00eda del Mar\u00bb, en Santa Cruz, California, un lugar de serenidad junto al oc\u00e9ano Pac\u00edfico. Los 26 Capitulares vivieron d\u00edas [&hellip;]<\/p>\n","protected":false},"author":1,"featured_media":97587,"comment_status":"closed","ping_status":"open","sticky":false,"template":"","format":"standard","meta":{"ngg_post_thumbnail":0,"footnotes":""},"categories":[106,133,150],"tags":[198,962],"class_list":["post-97592","post","type-post","status-publish","format-standard","has-post-thumbnail","category-cff-es","category-federaciones","category-noticias","tag-capitulo","tag-usa-sjc-es"],"_links":{"self":[{"href":"https:\/\/www.ofmconv.net\/es\/wp-json\/wp\/v2\/posts\/97592","targetHints":{"allow":["GET"]}}],"collection":[{"href":"https:\/\/www.ofmconv.net\/es\/wp-json\/wp\/v2\/posts"}],"about":[{"href":"https:\/\/www.ofmconv.net\/es\/wp-json\/wp\/v2\/types\/post"}],"author":[{"embeddable":true,"href":"https:\/\/www.ofmconv.net\/es\/wp-json\/wp\/v2\/users\/1"}],"replies":[{"embeddable":true,"href":"https:\/\/www.ofmconv.net\/es\/wp-json\/wp\/v2\/comments?post=97592"}],"version-history":[{"count":1,"href":"https:\/\/www.ofmconv.net\/es\/wp-json\/wp\/v2\/posts\/97592\/revisions"}],"predecessor-version":[{"id":97596,"href":"https:\/\/www.ofmconv.net\/es\/wp-json\/wp\/v2\/posts\/97592\/revisions\/97596"}],"wp:featuredmedia":[{"embeddable":true,"href":"https:\/\/www.ofmconv.net\/es\/wp-json\/wp\/v2\/media\/97587"}],"wp:attachment":[{"href":"https:\/\/www.ofmconv.net\/es\/wp-json\/wp\/v2\/media?parent=97592"}],"wp:term":[{"taxonomy":"category","embeddable":true,"href":"https:\/\/www.ofmconv.net\/es\/wp-json\/wp\/v2\/categories?post=97592"},{"taxonomy":"post_tag","embeddable":true,"href":"https:\/\/www.ofmconv.net\/es\/wp-json\/wp\/v2\/tags?post=97592"}],"curies":[{"name":"wp","href":"https:\/\/api.w.org\/{rel}","templated":true}]}}