{"id":98103,"date":"2026-05-20T17:42:35","date_gmt":"2026-05-20T15:42:35","guid":{"rendered":"https:\/\/www.ofmconv.net\/roma-incontro-dei-ministri-e-custodi-con-i-formatori-e-gli-animatori-di-pgv-della-fimp\/"},"modified":"2026-05-20T17:47:38","modified_gmt":"2026-05-20T15:47:38","slug":"roma-incontro-dei-ministri-e-custodi-con-i-formatori-e-gli-animatori-di-pgv-della-fimp","status":"publish","type":"post","link":"https:\/\/www.ofmconv.net\/es\/roma-incontro-dei-ministri-e-custodi-con-i-formatori-e-gli-animatori-di-pgv-della-fimp\/","title":{"rendered":"Roma: Encuentro de los Ministros y Custodios con los Formadores y Animadores de PJV de la FIMP"},"content":{"rendered":"<p><strong>Del 17 al 20 de mayo de 2026 se llev\u00f3 a cabo en el <em>Seraphicum<\/em> de Roma el encuentro de los Ministros y Custodios con los Formadores y Animadores de PJV (Pastoral Juvenil Vocacional) de la FIMP (Federazione Intermediterranea Ministri Provinciali).<\/strong><\/p>\n<p>Fueron treinta y dos los Hermanos que participaron en la iniciativa y que, desde la tarde del 17 de mayo, llegaron desde las distintas jurisdicciones de la FIMP para dedicar dos jornadas completas (18 y 19 de mayo) al intercambio de experiencias y a la formaci\u00f3n sobre algunos temas relevantes y actuales en el \u00e1mbito de la formaci\u00f3n y de la animaci\u00f3n juvenil-vocacional. Los trabajos, preparados y coordinados por el responsable, Fray Antonio PARISI, contaron tambi\u00e9n con la participaci\u00f3n del Asistente general de la FIMP, Fray Colin SAMMUT, y del Asistente general para la formaci\u00f3n, Fray Bernardino HOSPITAL POSADA.<br \/>\nSe dedic\u00f3 amplio espacio a la presentaci\u00f3n de las distintas realidades, tanto en el \u00e1mbito formativo como en el de la animaci\u00f3n vocacional: los responsables pudieron presentar los itinerarios ofrecidos y las opciones formativas puestas en marcha, en las que est\u00e1n directamente comprometidos.<br \/>\nResult\u00f3 especialmente significativa la ponencia-testimonio de sor Grazia VITTIGNI sobre el tema \u00abLas mujeres en la formaci\u00f3n de los candidatos a la Vida religiosa\u00bb, introducida por Fray Alessandro ZOTTAREL, quien destac\u00f3 lo previsto por la nueva <em>Ratio Nationalis<\/em> (CEI 2025) y por otros documentos recientes relacionados con esta cuesti\u00f3n. Asimismo, se present\u00f3 una s\u00edntesis de lo compartido por los mismos formandos acerca de la nueva experiencia de la incorporaci\u00f3n de sor Grazia al equipo formativo del Posnoviciado FIMP de Padua.<br \/>\nPosteriormente, los participantes dedicaron buena parte de la tarde al trabajo en grupos, divididos en los tres \u00e1mbitos de competencia: Ministros, Formadores y Animadores. La reflexi\u00f3n se desarroll\u00f3 en modalidad de taller, a partir de la escucha de un \u00abcaso tipo\u00bb, sobre el cual cada grupo dialog\u00f3 y elabor\u00f3 una s\u00edntesis respecto de la situaci\u00f3n presentada.<br \/>\nAl d\u00eda siguiente, la intervenci\u00f3n estuvo a cargo de Fray Bernardino HOSPITAL POSADA, sobre el tema \u00abEl desaf\u00edo de la vocaci\u00f3n adulta. \u00bfSigno o estrategia?\u00bb, con la presentaci\u00f3n del borrador de los <em>Lineamientos para las vocaciones adultas<\/em>, elaborados en abril de 2026 por el Secretariado general para la Formaci\u00f3n.<br \/>\nEl tema, por otra parte, reviste gran actualidad y la reflexi\u00f3n compartida result\u00f3 muy importante ante la necesidad de un discernimiento cada vez m\u00e1s profundo. Uno de los aspectos m\u00e1s relevantes subray\u00f3 la necesidad de pasar a un <em>discernimiento virtuoso<\/em>, con miras a una formaci\u00f3n \u00abdiferente\u00bb, pero m\u00e1s profunda, en la integraci\u00f3n de dos bienes: el de la persona y el de la Iglesia\/Orden. Esto implica respetar la historia personal, pero tambi\u00e9n garantizar que los candidatos sean capaces de vivir la minoridad: escucha de la propia biograf\u00eda y verificaci\u00f3n de la docilidad a los tres votos. En este sentido, se destacaron tres pilares fundamentales: la libertad econ\u00f3mica, la madurez afectivo-relacional y una obediencia libre, no defensiva. Se insisti\u00f3 adem\u00e1s en la importancia de ayudar a releer la propia vida, integrando y redimiendo la propia historia, con docilidad y libertad frente a los \u00e9xitos, mediante un itinerario acompa\u00f1ado y personalizado.<br \/>\nDespu\u00e9s del saludo fraterno del Vicario general, Fray Igor SALMI\u010c, que se uni\u00f3 al encuentro para la ocasi\u00f3n, la ma\u00f1ana y buena parte de la tarde estuvieron dedicadas nuevamente al trabajo en grupos: una oportunidad para profundizar a\u00fan m\u00e1s en el tema y continuar la reflexi\u00f3n, tanto sobre el perfil de los candidatos adultos como sobre la situaci\u00f3n actual de la formaci\u00f3n en nuestras realidades. Tambi\u00e9n se abord\u00f3 el tema del discernimiento comunitario y, asimismo, el de las competencias y modalidades necesarias para acompa\u00f1ar a los candidatos en su discernimiento. Una reflexi\u00f3n <em>ad intra<\/em> ampli\u00f3 a\u00fan m\u00e1s el horizonte hacia una formaci\u00f3n permanente que no se limite \u00fanicamente a responder a los s\u00edntomas y emergencias del momento, sino que atienda las cuestiones fundamentales y radicales de nuestra vida como Hermanos.<br \/>\nFinalmente, se recogieron las opiniones de la asamblea sobre el borrador de los <em>Lineamientos para las vocaciones adultas<\/em> que fue presentado, de modo que los Ministros puedan seguir reflexionando sobre ello en los pr\u00f3ximos d\u00edas, durante la Asamblea ordinaria de la FIMP prevista del 20 al 24 de mayo.<br \/>\nAntes de concluir los trabajos, intervino en la asamblea Fray Paolo BARANI, Asistente nacional de la Milicia de la Inmaculada, quien comparti\u00f3 el deseo, retomando la experiencia de los encuentros sobre espiritualidad kolbiana celebrados en el pasado, de recuperar esta posibilidad, tambi\u00e9n a la luz de lo contemplado en los documentos de la Orden, comenzando precisamente desde el \u00e1mbito formativo.<\/p>\n<p style=\"text-align: right;\">Fray Daniele LA PERA, Secretario FIMP.<\/p>\nngg_shortcode_0_placeholder\n","protected":false},"excerpt":{"rendered":"<p>Del 17 al 20 de mayo de 2026 se llev\u00f3 a cabo en el Seraphicum de Roma el encuentro de los Ministros y Custodios con los Formadores y Animadores de PJV (Pastoral Juvenil Vocacional) de la FIMP (Federazione Intermediterranea Ministri Provinciali). Fueron treinta y dos los Hermanos que participaron en la iniciativa y que, desde [&hellip;]<\/p>\n","protected":false},"author":1,"featured_media":98092,"comment_status":"closed","ping_status":"open","sticky":false,"template":"","format":"standard","meta":{"ngg_post_thumbnail":0,"footnotes":""},"categories":[133,116,150],"tags":[338],"class_list":["post-98103","post","type-post","status-publish","format-standard","has-post-thumbnail","category-federaciones","category-fimp-es","category-noticias","tag-seraphicum-es"],"_links":{"self":[{"href":"https:\/\/www.ofmconv.net\/es\/wp-json\/wp\/v2\/posts\/98103","targetHints":{"allow":["GET"]}}],"collection":[{"href":"https:\/\/www.ofmconv.net\/es\/wp-json\/wp\/v2\/posts"}],"about":[{"href":"https:\/\/www.ofmconv.net\/es\/wp-json\/wp\/v2\/types\/post"}],"author":[{"embeddable":true,"href":"https:\/\/www.ofmconv.net\/es\/wp-json\/wp\/v2\/users\/1"}],"replies":[{"embeddable":true,"href":"https:\/\/www.ofmconv.net\/es\/wp-json\/wp\/v2\/comments?post=98103"}],"version-history":[{"count":1,"href":"https:\/\/www.ofmconv.net\/es\/wp-json\/wp\/v2\/posts\/98103\/revisions"}],"predecessor-version":[{"id":98107,"href":"https:\/\/www.ofmconv.net\/es\/wp-json\/wp\/v2\/posts\/98103\/revisions\/98107"}],"wp:featuredmedia":[{"embeddable":true,"href":"https:\/\/www.ofmconv.net\/es\/wp-json\/wp\/v2\/media\/98092"}],"wp:attachment":[{"href":"https:\/\/www.ofmconv.net\/es\/wp-json\/wp\/v2\/media?parent=98103"}],"wp:term":[{"taxonomy":"category","embeddable":true,"href":"https:\/\/www.ofmconv.net\/es\/wp-json\/wp\/v2\/categories?post=98103"},{"taxonomy":"post_tag","embeddable":true,"href":"https:\/\/www.ofmconv.net\/es\/wp-json\/wp\/v2\/tags?post=98103"}],"curies":[{"name":"wp","href":"https:\/\/api.w.org\/{rel}","templated":true}]}}