{"id":9890,"date":"2018-09-28T16:13:22","date_gmt":"2018-09-28T14:13:22","guid":{"rendered":"https:\/\/ofmconv.net\/bruxelles-corso-per-i-nuovi-missionari-2\/"},"modified":"2018-09-28T16:19:45","modified_gmt":"2018-09-28T14:19:45","slug":"bruxelles-corso-per-i-nuovi-missionari-2","status":"publish","type":"post","link":"https:\/\/www.ofmconv.net\/es\/bruxelles-corso-per-i-nuovi-missionari-2\/","title":{"rendered":"Bruselas: curso para los nuevos misioneros"},"content":{"rendered":"<p><strong>El curso angl\u00f3fono para los nuevos misioneros comenz\u00f3 el 3 de septiembre en Bruselas.<\/strong><\/p>\n<p>La Fraternidad \u201cNuestra Se\u00f1ora de las Naciones\u201d ha recibido ocho nuevos hermanos (OFM, OFMCap y OFMConv) que se est\u00e1n preparando para sus propios destinos de misi\u00f3n, entre \u00e9stos: India (Assam), Sri Lanka, Australia, Malawi, Ghana, Turqu\u00eda y Pap\u00faa-Nueva Guinea. El curso inici\u00f3 en presencia del Secretario general para la animaci\u00f3n misionera Fray Jaros\u0142aw WYSOCZA\u0143SKI OFMConv.<br \/>\nEl curso fue guiado por Fray Gianfrancesco SISTO (OFM) y animado por Fray John Peter VALLABADOSS (OFMCap) y por Fray Alphonse VAZHAPPANADY (OFMConv); ha previsto la presentaci\u00f3n, por parte de varios expertos, de diversas tem\u00e1ticas, tales como: la historia del m\u00e9todo misionero franciscano, el di\u00e1logo ecum\u00e9nico y la misi\u00f3n, el encuentro con el islam en el camino franciscano, la misionolog\u00eda franciscana, Justicia, paz e integridad de la Creaci\u00f3n, la nueva evangelizaci\u00f3n en Europa, la misi\u00f3n en Asia, las culturas y religiones en \u00c1frica, la econom\u00eda fraterna en misi\u00f3n y el rol del l\u00edder.<br \/>\nComo conclusi\u00f3n del curso est\u00e1 prevista una peregrinaci\u00f3n semanal en As\u00eds y los lugares franciscanos, vivida con el deseo de recibir del Pobrecillo San Francisco su mismo esp\u00edritu y ardor misionero. Una vez m\u00e1s Fray Vincenzo MARCOLI nos ha brindado su apoyo como expositor de teolog\u00eda misionera franciscana.<br \/>\nLos participantes de nuestra Orden son: Fray Leonides MATEO y Fray Vincent Timothy NAVARRO de las Filipinas y Fray Vincent BANDA de Zambia.<\/p>\n<p style=\"text-align: right;\">Fray Jaros\u0142aw WYSOCZA\u0143SKI, Secretario general SGAM<\/p>\nngg_shortcode_0_placeholder\n","protected":false},"excerpt":{"rendered":"<p>El curso angl\u00f3fono para los nuevos misioneros comenz\u00f3 el 3 de septiembre en Bruselas. La Fraternidad \u201cNuestra Se\u00f1ora de las Naciones\u201d ha recibido ocho nuevos hermanos (OFM, OFMCap y OFMConv) que se est\u00e1n preparando para sus propios destinos de misi\u00f3n, entre \u00e9stos: India (Assam), Sri Lanka, Australia, Malawi, Ghana, Turqu\u00eda y Pap\u00faa-Nueva Guinea. El curso [&hellip;]<\/p>\n","protected":false},"author":1,"featured_media":9882,"comment_status":"closed","ping_status":"open","sticky":false,"template":"","format":"standard","meta":{"ngg_post_thumbnail":0,"footnotes":""},"categories":[150,136,128],"tags":[715,240],"class_list":["post-9890","post","type-post","status-publish","format-standard","has-post-thumbnail","category-noticias","category-oficinas-generales","category-sgam-es","tag-animacion-misionera","tag-bruselas"],"_links":{"self":[{"href":"https:\/\/www.ofmconv.net\/es\/wp-json\/wp\/v2\/posts\/9890","targetHints":{"allow":["GET"]}}],"collection":[{"href":"https:\/\/www.ofmconv.net\/es\/wp-json\/wp\/v2\/posts"}],"about":[{"href":"https:\/\/www.ofmconv.net\/es\/wp-json\/wp\/v2\/types\/post"}],"author":[{"embeddable":true,"href":"https:\/\/www.ofmconv.net\/es\/wp-json\/wp\/v2\/users\/1"}],"replies":[{"embeddable":true,"href":"https:\/\/www.ofmconv.net\/es\/wp-json\/wp\/v2\/comments?post=9890"}],"version-history":[{"count":0,"href":"https:\/\/www.ofmconv.net\/es\/wp-json\/wp\/v2\/posts\/9890\/revisions"}],"wp:featuredmedia":[{"embeddable":true,"href":"https:\/\/www.ofmconv.net\/es\/wp-json\/wp\/v2\/media\/9882"}],"wp:attachment":[{"href":"https:\/\/www.ofmconv.net\/es\/wp-json\/wp\/v2\/media?parent=9890"}],"wp:term":[{"taxonomy":"category","embeddable":true,"href":"https:\/\/www.ofmconv.net\/es\/wp-json\/wp\/v2\/categories?post=9890"},{"taxonomy":"post_tag","embeddable":true,"href":"https:\/\/www.ofmconv.net\/es\/wp-json\/wp\/v2\/tags?post=9890"}],"curies":[{"name":"wp","href":"https:\/\/api.w.org\/{rel}","templated":true}]}}