{"id":100343,"date":"2026-06-26T13:51:39","date_gmt":"2026-06-26T11:51:39","guid":{"rendered":"https:\/\/www.ofmconv.net\/la-sicilia-francescana-con-branduardi-ha-celebrato-gli-800-anni-di-san-francesco\/"},"modified":"2026-06-26T13:55:38","modified_gmt":"2026-06-26T11:55:38","slug":"la-sicilia-francescana-con-branduardi-ha-celebrato-gli-800-anni-di-san-francesco","status":"publish","type":"post","link":"https:\/\/www.ofmconv.net\/pl\/la-sicilia-francescana-con-branduardi-ha-celebrato-gli-800-anni-di-san-francesco\/","title":{"rendered":"Franciszka\u0144ska Sycylia uczci\u0142a 800-lecie \u015bmierci \u015bw.\u00a0Franciszka"},"content":{"rendered":"<p><strong>24 czerwca 2026 r. blisko dwa tysi\u0105ce os\u00f3b uczestniczy\u0142o w koncercie w\u0142oskiego pie\u015bniarza i autora tekst\u00f3w Angelo BRANDUARDI i jego zespo\u0142u. Wydarzenie zosta\u0142o zorganizowane z okazji 800. rocznicy \u015bmierci \u015bw. Franciszka z Asy\u017cu.<\/strong><\/p>\n<p>Koncert, przygotowany przez rodziny franciszka\u0144skie z Sycylii, odby\u0142 si\u0119 w Teatro di Verdura, po\u0142o\u017conym na terenie Parco della Favorita w Palermo. Wzi\u0119li w nim udzia\u0142 przedstawiciele w\u0142adz cywilnych i ko\u015bcielnych oraz reprezentanci wszystkich ga\u0142\u0119zi rodziny franciszka\u0144skiej obecnych na wyspie.<br \/>\nPrzez dwie godziny artysta zachwyca\u0142 publiczno\u015b\u0107, wykonuj\u0105c jedena\u015bcie utwor\u00f3w ze swojego albumu L\u2019infinitamente piccolo (\u201eNiesko\u0144czenie ma\u0142y\u201d). Pie\u015bni te przywo\u0142ywa\u0142y najwa\u017cniejsze momenty z \u017cycia Biedaczyny z Asy\u017cu i by\u0142y inspirowane \u017ar\u00f3d\u0142ami franciszka\u0144skimi.<br \/>\n\u201eTo wydarzenie pe\u0142ne \u0142aski, rado\u015bci i wsp\u00f3lnoty \u2013 powiedzia\u0142 fr. Paolo FIASCONARO, organizator koncertu. \u2013 Pozwoli\u0142o ono przybli\u017cy\u0107 uczestnikom charyzmat cz\u0142owieka, kt\u00f3ry wcieli\u0142 Ewangeli\u0119 w \u017cycie, daj\u0105c \u015bwiadectwo warto\u015bciom pokoju, dialogu mi\u0119dzyreligijnego oraz troski o natur\u0119 i ca\u0142e stworzenie\u201d.<br \/>\nPo wykonaniu utwor\u00f3w po\u015bwi\u0119conych \u015bw. Franciszkowi artysta za\u015bpiewa\u0142 r\u00f3wnie\u017c swoje najbardziej znane kompozycje, anga\u017cuj\u0105c publiczno\u015b\u0107 do wsp\u00f3lnego prze\u017cywania utwor\u00f3w, kt\u00f3re na przestrzeni lat sta\u0142y si\u0119 cz\u0119\u015bci\u0105 zbiorowej pami\u0119ci.<br \/>\nW\u015br\u00f3d obecnych przedstawicieli Ko\u015bcio\u0142a by\u0142 abp Corrado LOREFICE, arcybiskup Palermo, a tak\u017ce trzej ministrowie prowincjalni: fr. Salvino PULIZZOTTO OFMConv, fr. Nino CATALFAMO OFM i fr. Salvatore ZAGONE OFMCap. Przyby\u0142 r\u00f3wnie\u017c prze\u0142o\u017cony regionalny Franciszka\u0144skiego Zakonu \u015awieckich Carmelo VITELLO, wiceprzewodnicz\u0105ca M\u0142odzie\u017cy Franciszka\u0144skiej Francesca INDIA, a ponadto liczni zakonnicy i \u015bwieccy z r\u00f3\u017cnych wsp\u00f3lnot franciszka\u0144skich.<br \/>\nW\u015br\u00f3d zaproszonych przedstawicieli w\u0142adz cywilnych znale\u017ali si\u0119 m.in.: podsekretarz w ministerstwie kultury Republiki W\u0142oskiej Giampiero CANNELLA, burmistrz Palermo Roberto LAGALLA, rektor Uniwersytetu w Palermo Massimo MIDIRI oraz inni przedstawiciele lokalnych instytucji.<br \/>\nWiecz\u00f3r mia\u0142 r\u00f3wnie\u017c wymiar charytatywny \u2013 zebrane \u015brodki przeznaczono na wsparcie misji franciszka\u0144skich w Maroku, Kenii i Kolumbii, a tak\u017ce dzieci obj\u0119tych opiek\u0105 w Casa del Sorriso w Monreale.<br \/>\nNa zako\u0144czenie wydarzenia trzej ministrowie prowincjalni wr\u0119czyli Angelo BRANDUARDI drewniany krucyfiks \u015bw. Damiana. Wszystkim uczestnikom rozdano natomiast dwa tysi\u0105ce krzy\u017cyk\u00f3w Tau \u2013 pami\u0105tk\u0119 i widzialny znak duchowo\u015bci franciszka\u0144skiej.<\/p>\n<p style=\"text-align: right;\">Fr. Paolo FIASCONARO<\/p>\nngg_shortcode_0_placeholder\n","protected":false},"excerpt":{"rendered":"<p>24 czerwca 2026 r. blisko dwa tysi\u0105ce os\u00f3b uczestniczy\u0142o w koncercie w\u0142oskiego pie\u015bniarza i autora tekst\u00f3w Angelo BRANDUARDI i jego zespo\u0142u. Wydarzenie zosta\u0142o zorganizowane z okazji 800. rocznicy \u015bmierci \u015bw. Franciszka z Asy\u017cu. Koncert, przygotowany przez rodziny franciszka\u0144skie z Sycylii, odby\u0142 si\u0119 w Teatro di Verdura, po\u0142o\u017conym na terenie Parco della Favorita w Palermo. Wzi\u0119li [&hellip;]<\/p>\n","protected":false},"author":1,"featured_media":100339,"comment_status":"closed","ping_status":"open","sticky":false,"template":"","format":"standard","meta":{"ngg_post_thumbnail":0,"footnotes":""},"categories":[131,118,149],"tags":[2963,2355,2572],"class_list":["post-100343","post","type-post","status-publish","format-standard","has-post-thumbnail","category-federacje","category-fimp-pl","category-wiadomosci","tag-angelo-branduardi-pl","tag-jubileusz-800-lecia","tag-wlochy-niepokalana"],"_links":{"self":[{"href":"https:\/\/www.ofmconv.net\/pl\/wp-json\/wp\/v2\/posts\/100343","targetHints":{"allow":["GET"]}}],"collection":[{"href":"https:\/\/www.ofmconv.net\/pl\/wp-json\/wp\/v2\/posts"}],"about":[{"href":"https:\/\/www.ofmconv.net\/pl\/wp-json\/wp\/v2\/types\/post"}],"author":[{"embeddable":true,"href":"https:\/\/www.ofmconv.net\/pl\/wp-json\/wp\/v2\/users\/1"}],"replies":[{"embeddable":true,"href":"https:\/\/www.ofmconv.net\/pl\/wp-json\/wp\/v2\/comments?post=100343"}],"version-history":[{"count":2,"href":"https:\/\/www.ofmconv.net\/pl\/wp-json\/wp\/v2\/posts\/100343\/revisions"}],"predecessor-version":[{"id":100348,"href":"https:\/\/www.ofmconv.net\/pl\/wp-json\/wp\/v2\/posts\/100343\/revisions\/100348"}],"wp:featuredmedia":[{"embeddable":true,"href":"https:\/\/www.ofmconv.net\/pl\/wp-json\/wp\/v2\/media\/100339"}],"wp:attachment":[{"href":"https:\/\/www.ofmconv.net\/pl\/wp-json\/wp\/v2\/media?parent=100343"}],"wp:term":[{"taxonomy":"category","embeddable":true,"href":"https:\/\/www.ofmconv.net\/pl\/wp-json\/wp\/v2\/categories?post=100343"},{"taxonomy":"post_tag","embeddable":true,"href":"https:\/\/www.ofmconv.net\/pl\/wp-json\/wp\/v2\/tags?post=100343"}],"curies":[{"name":"wp","href":"https:\/\/api.w.org\/{rel}","templated":true}]}}