{"id":102723,"date":"2026-08-31T13:23:09","date_gmt":"2026-08-31T11:23:09","guid":{"rendered":"https:\/\/www.ofmconv.net\/90-anni-di-fra-maximilien-sauge-una-vita-al-servizio-del-signore\/"},"modified":"2026-08-31T13:28:22","modified_gmt":"2026-08-31T11:28:22","slug":"90-anni-di-fra-maximilien-sauge-una-vita-al-servizio-del-signore","status":"publish","type":"post","link":"https:\/\/www.ofmconv.net\/pl\/90-anni-di-fra-maximilien-sauge-una-vita-al-servizio-del-signore\/","title":{"rendered":"90. rocznica urodzin fr.\u00a0Maximiliena SAUGE: \u017cycie w\u00a0s\u0142u\u017cbie Bogu"},"content":{"rendered":"<p><strong>25 sierpnia 2026 r. w Wiedniu (Austria) uroczy\u015bcie \u015bwi\u0119towano 90. rocznic\u0119 urodzin br. Maximiliena SAUGE. W obecno\u015bci najbli\u017cszych jubilata wsp\u00f3lnota zakonna oraz wierni zgromadzili si\u0119 w ko\u015bciele parafialnym w \u00f3smej dzielnicy Wiednia na Mszy \u015bw. dzi\u0119kczynnej.<\/strong><\/p>\n<p>Z tej okazji na uroczysto\u015b\u0107 przybyli r\u00f3wnie\u017c wsp\u00f3\u0142bracia z zagranicznych plac\u00f3wek: fr. Andreas MURK \u2013 minister prowincjalny prowincji \u015bw. El\u017cbiety w Niemczech, fr. Vincent COSATTI \u2013 asystent generalny CEF (Centralis Europae Foederatio), fr. Miljenko HONTI\u0106 \u2013 minister prowincjalny prowincji \u015bw. Hieronima w Chorwacji. Ich obecno\u015b\u0107 podkre\u015bli\u0142a silne wi\u0119zi \u0142\u0105cz\u0105ce wiede\u0144ski klasztor z innymi wsp\u00f3lnotami Zakonu oraz ogromny szacunek, jakim cieszy si\u0119 dostojny jubilat.<br \/>\nPodczas liturgii z wdzi\u0119czno\u015bci\u0105 wspominano 90 lat \u017cycia fr. Maximiliena SAUGE, dzi\u0119kuj\u0105c Bogu za dar jego powo\u0142ania, wiern\u0105 s\u0142u\u017cb\u0119 we wsp\u00f3lnocie oraz ca\u0142\u0105 dotychczasow\u0105 drog\u0119 zakonn\u0105.<br \/>\nNa zako\u0144czenie jubilatowi z\u0142o\u017cono serdeczne \u017cyczenia zdrowia, nies\u0142abn\u0105cej rado\u015bci i si\u0142. Towarzyszy\u0142a im wsp\u00f3lna modlitwa o Bo\u017ce b\u0142ogos\u0142awie\u0144stwo oraz nadzieja na kolejne lata sp\u0119dzone w braterskiej wsp\u00f3lnocie i s\u0142u\u017cbie Panu.<\/p>\n<p style=\"text-align: right;\">Fr. Bernhard LANG<\/p>\nngg_shortcode_0_placeholder\n","protected":false},"excerpt":{"rendered":"<p>25 sierpnia 2026 r. w Wiedniu (Austria) uroczy\u015bcie \u015bwi\u0119towano 90. rocznic\u0119 urodzin br. Maximiliena SAUGE. W obecno\u015bci najbli\u017cszych jubilata wsp\u00f3lnota zakonna oraz wierni zgromadzili si\u0119 w ko\u015bciele parafialnym w \u00f3smej dzielnicy Wiednia na Mszy \u015bw. dzi\u0119kczynnej. Z tej okazji na uroczysto\u015b\u0107 przybyli r\u00f3wnie\u017c wsp\u00f3\u0142bracia z zagranicznych plac\u00f3wek: fr. Andreas MURK \u2013 minister prowincjalny prowincji \u015bw. [&hellip;]<\/p>\n","protected":false},"author":1,"featured_media":102719,"comment_status":"closed","ping_status":"open","sticky":false,"template":"","format":"standard","meta":{"ngg_post_thumbnail":0,"footnotes":""},"categories":[103,131,149],"tags":[1433,5302],"class_list":["post-102723","post","type-post","status-publish","format-standard","has-post-thumbnail","category-cef-pl","category-federacje","category-wiadomosci","tag-austria-szwajcaria","tag-maximilien-sauge-ofmconv"],"_links":{"self":[{"href":"https:\/\/www.ofmconv.net\/pl\/wp-json\/wp\/v2\/posts\/102723","targetHints":{"allow":["GET"]}}],"collection":[{"href":"https:\/\/www.ofmconv.net\/pl\/wp-json\/wp\/v2\/posts"}],"about":[{"href":"https:\/\/www.ofmconv.net\/pl\/wp-json\/wp\/v2\/types\/post"}],"author":[{"embeddable":true,"href":"https:\/\/www.ofmconv.net\/pl\/wp-json\/wp\/v2\/users\/1"}],"replies":[{"embeddable":true,"href":"https:\/\/www.ofmconv.net\/pl\/wp-json\/wp\/v2\/comments?post=102723"}],"version-history":[{"count":2,"href":"https:\/\/www.ofmconv.net\/pl\/wp-json\/wp\/v2\/posts\/102723\/revisions"}],"predecessor-version":[{"id":102728,"href":"https:\/\/www.ofmconv.net\/pl\/wp-json\/wp\/v2\/posts\/102723\/revisions\/102728"}],"wp:featuredmedia":[{"embeddable":true,"href":"https:\/\/www.ofmconv.net\/pl\/wp-json\/wp\/v2\/media\/102719"}],"wp:attachment":[{"href":"https:\/\/www.ofmconv.net\/pl\/wp-json\/wp\/v2\/media?parent=102723"}],"wp:term":[{"taxonomy":"category","embeddable":true,"href":"https:\/\/www.ofmconv.net\/pl\/wp-json\/wp\/v2\/categories?post=102723"},{"taxonomy":"post_tag","embeddable":true,"href":"https:\/\/www.ofmconv.net\/pl\/wp-json\/wp\/v2\/tags?post=102723"}],"curies":[{"name":"wp","href":"https:\/\/api.w.org\/{rel}","templated":true}]}}