{"id":102760,"date":"2026-08-31T13:53:08","date_gmt":"2026-08-31T11:53:08","guid":{"rendered":"https:\/\/www.ofmconv.net\/rivotorto-lordinazione-di-due-nuovi-diaconi-il-ministero-e-servizio\/"},"modified":"2026-08-31T14:06:40","modified_gmt":"2026-08-31T12:06:40","slug":"rivotorto-lordinazione-di-due-nuovi-diaconi-il-ministero-e-servizio","status":"publish","type":"post","link":"https:\/\/www.ofmconv.net\/pl\/rivotorto-lordinazione-di-due-nuovi-diaconi-il-ministero-e-servizio\/","title":{"rendered":"Rivotorto: \u015bwi\u0119cenia dw\u00f3ch nowych diakon\u00f3w. \u201ePos\u0142uga jest s\u0142u\u017cb\u0105\u201d"},"content":{"rendered":"<p><strong>W prostej i surowej scenerii sanktuarium \u015awi\u0119tego Tugurium w Rivotorto zakonnicy z kustodii generalnej \u015awi\u0119tego Konwentu \u015bw. Franciszka z Asy\u017cu we W\u0142oszech prze\u017cywali czas szczeg\u00f3lnej rado\u015bci i modlitwy. Okazj\u0105 by\u0142y \u015bwi\u0119cenia diakonatu fr. Domenica TORRE oraz fr. Francesco Marii (Xinyi) ZHAO.<\/strong><\/p>\n<p>Uroczysto\u015b\u0107 odby\u0142a si\u0119 wieczorem 14 sierpnia 2026 r., we wspomnienie \u015bw. Maksymiliana Marii Kolbego, a zarazem w wigili\u0119 uroczysto\u015bci Wniebowzi\u0119cia NMP. Liturgii przewodniczy\u0142 abp Felice ACCROCCA, ordynariusz diecezji Asy\u017c \u2013 Nocera Umbra \u2013 Gualdo Tadino i Foligno. W\u015br\u00f3d uczestnik\u00f3w obecni byli liczni kap\u0142ani, diakoni, osoby konsekrowane, a tak\u017ce miejscowa wsp\u00f3lnota parafialna z Rivotorto.<br \/>\nFr. Domenico TORRE ma 51 lat, pochodzi z Sycylii i od kilku lat nale\u017cy do kustodii asyskiej. Studiowa\u0142 w Asy\u017cu, a swoj\u0105 formacj\u0119 b\u0119dzie kontynuowa\u0142 w Rzymie, gdzie planuje uzyska\u0107 licencjat z prawa kanonicznego. Z kolei 38-letni fr. Francesco Maria (Xinyi) ZHAO rozpocznie studia licencjackie z teologii liturgicznej. Obaj b\u0119d\u0105 ucz\u0119szcza\u0107 na Papieski Uniwersytet \u015awi\u0119tego Krzy\u017ca w Rzymie.<br \/>\nSzczeg\u00f3lnie wymowna by\u0142a homilia, kt\u00f3r\u0105 arcybiskup skierowa\u0142 do kandydat\u00f3w. Przestrzeg\u0142 ich przed pokus\u0105 przyw\u0142aszczania sobie oznak w\u0142adzy i si\u0142y, z kt\u00f3rych sam Jezus Chrystus dobrowolnie zrezygnowa\u0142 i si\u0119 ogo\u0142oci\u0142. W \u015bwietle duchowo\u015bci \u015bw. Franciszka pos\u0142uga jest przede wszystkim s\u0142u\u017cb\u0105, zgodn\u0105 z ewangeliczn\u0105 logik\u0105 servus \u2013 s\u0142ugi. Przypomnia\u0142 r\u00f3wnie\u017c nowym diakonom o wymiarze \u201ewzajemnej troski\u201d. Chrze\u015bcija\u0144ska s\u0142u\u017cba nie jest bowiem dzia\u0142aniem jednostronnym, lecz postaw\u0105 czuwania, uwa\u017cno\u015bci i wzajemnego wsparcia, kt\u00f3re pozwala towarzyszy\u0107 ca\u0142ej wsp\u00f3lnocie.<br \/>\nG\u0142\u0119bokim znakiem tej komunii ko\u015bcielnej by\u0142 ko\u0144cowy moment obrz\u0119du \u015bwi\u0119ce\u0144. Nowo wy\u015bwi\u0119ceni diakoni, ubrani w dalmatyki, zostali u\u015bciskani przez obecnych w \u015bwi\u0105tyni diakon\u00f3w, co symbolicznie oznacza\u0142o ich w\u0142\u0105czenie do wsp\u00f3lnoty pos\u0142uguj\u0105cych.<br \/>\nNa zako\u0144czenie liturgii g\u0142os zabra\u0142 kustosz fr. Marco MORONI. Wyrazi\u0142 wdzi\u0119czno\u015b\u0107 Bogu za dar powo\u0142ania dw\u00f3ch wsp\u00f3\u0142braci oraz podzi\u0119kowa\u0142 wsp\u00f3lnocie zakonnej i parafialnej w Rivotorto za serdeczne przyj\u0119cie i towarzyszenie im w tym czasie \u0142aski.<br \/>\nW miejscu, kt\u00f3re przechowuje pami\u0119\u0107 o zakonnym \u017cyciu \u015bw. Franciszka, ta uroczysto\u015b\u0107 pozostawi\u0142a proste i konkretne wezwanie: uczyni\u0107 ze swojego \u017cycia s\u0142u\u017cb\u0119. To droga, kt\u00f3ra otwiera si\u0119 teraz przed fr. Domenikiem i fr. Francesco \u2013 wezwanymi do prze\u017cywania diakonatu w duchu Ewangelii i wed\u0142ug logiki Chrystusa S\u0142ugi. Wsp\u00f3lnota kustodii oraz wierni z Rivotorto otaczaj\u0105 ich modlitw\u0105, by ich \u201etak\u201d przynosi\u0142o obfite owoce w Ko\u015bciele i \u015bwiecie.<\/p>\n<p style=\"text-align: right;\">Fr. Silvano BIANCO, sekretarz kustodii<\/p>\nngg_shortcode_0_placeholder\n","protected":false},"excerpt":{"rendered":"<p>W prostej i surowej scenerii sanktuarium \u015awi\u0119tego Tugurium w Rivotorto zakonnicy z kustodii generalnej \u015awi\u0119tego Konwentu \u015bw. Franciszka z Asy\u017cu we W\u0142oszech prze\u017cywali czas szczeg\u00f3lnej rado\u015bci i modlitwy. Okazj\u0105 by\u0142y \u015bwi\u0119cenia diakonatu fr. Domenica TORRE oraz fr. Francesco Marii (Xinyi) ZHAO. Uroczysto\u015b\u0107 odby\u0142a si\u0119 wieczorem 14 sierpnia 2026 r., we wspomnienie \u015bw. Maksymiliana Marii Kolbego, [&hellip;]<\/p>\n","protected":false},"author":1,"featured_media":102756,"comment_status":"closed","ping_status":"open","sticky":false,"template":"","format":"standard","meta":{"ngg_post_thumbnail":0,"footnotes":""},"categories":[131,118,149],"tags":[847,1002,2139],"class_list":["post-102760","post","type-post","status-publish","format-standard","has-post-thumbnail","category-federacje","category-fimp-pl","category-wiadomosci","tag-rivotorto-pl","tag-swiecenia-diakonatu","tag-wlochy-asyz"],"_links":{"self":[{"href":"https:\/\/www.ofmconv.net\/pl\/wp-json\/wp\/v2\/posts\/102760","targetHints":{"allow":["GET"]}}],"collection":[{"href":"https:\/\/www.ofmconv.net\/pl\/wp-json\/wp\/v2\/posts"}],"about":[{"href":"https:\/\/www.ofmconv.net\/pl\/wp-json\/wp\/v2\/types\/post"}],"author":[{"embeddable":true,"href":"https:\/\/www.ofmconv.net\/pl\/wp-json\/wp\/v2\/users\/1"}],"replies":[{"embeddable":true,"href":"https:\/\/www.ofmconv.net\/pl\/wp-json\/wp\/v2\/comments?post=102760"}],"version-history":[{"count":2,"href":"https:\/\/www.ofmconv.net\/pl\/wp-json\/wp\/v2\/posts\/102760\/revisions"}],"predecessor-version":[{"id":102765,"href":"https:\/\/www.ofmconv.net\/pl\/wp-json\/wp\/v2\/posts\/102760\/revisions\/102765"}],"wp:featuredmedia":[{"embeddable":true,"href":"https:\/\/www.ofmconv.net\/pl\/wp-json\/wp\/v2\/media\/102756"}],"wp:attachment":[{"href":"https:\/\/www.ofmconv.net\/pl\/wp-json\/wp\/v2\/media?parent=102760"}],"wp:term":[{"taxonomy":"category","embeddable":true,"href":"https:\/\/www.ofmconv.net\/pl\/wp-json\/wp\/v2\/categories?post=102760"},{"taxonomy":"post_tag","embeddable":true,"href":"https:\/\/www.ofmconv.net\/pl\/wp-json\/wp\/v2\/tags?post=102760"}],"curies":[{"name":"wp","href":"https:\/\/api.w.org\/{rel}","templated":true}]}}