{"id":102790,"date":"2026-08-31T14:25:53","date_gmt":"2026-08-31T12:25:53","guid":{"rendered":"https:\/\/www.ofmconv.net\/1-capitolo-provinciale-della-nuova-provincia-della-nostra-signora-di-aparecida-in-brasile\/"},"modified":"2026-08-31T14:30:03","modified_gmt":"2026-08-31T12:30:03","slug":"1-capitolo-provinciale-della-nuova-provincia-della-nostra-signora-di-aparecida-in-brasile","status":"publish","type":"post","link":"https:\/\/www.ofmconv.net\/pl\/1-capitolo-provinciale-della-nuova-provincia-della-nostra-signora-di-aparecida-in-brasile\/","title":{"rendered":"1. kapitu\u0142a prowincjalna nowej prowincji Matki Bo\u017cej z\u00a0Aparecidy w\u00a0Brazylii"},"content":{"rendered":"<p><strong>W dniach 24-28 sierpnia 2026 r. w Guaratinguet\u00e1 (stan S\u00e3o Paulo) odby\u0142a si\u0119 pierwsza cz\u0119\u015b\u0107 1. kapitu\u0142y prowincjalnej nowej prowincji Matki Bo\u017cej z Aparecidy w Brazylii. Miejscem obrad by\u0142 dom rekolekcyjny \u201eFazenda da Esperan\u00e7a\u201d, malowniczo wtopiony w otaczaj\u0105c\u0105 go przyrod\u0119.<\/strong><\/p>\n<p>Kapitu\u0142a by\u0142a wydarzeniem historycznym, poniewa\u017c przypiecz\u0119towa\u0142a zjednoczenie dw\u00f3ch dotychczasowych jurysdykcji: prowincji \u015bw. Franciszka w Brazylii oraz kustodii prowincjalnej Niepokalanego Pocz\u0119cia NMP w Brazylii. W spotkaniu uczestniczyli: minister generalny fr. Carlos TROVARELLI, asystent generalny FALC (Federaci\u00f3n Am\u00e9rica Latina Conventuales) fr. Rog\u00e9rio PEREIRA XAVIER, minister prowincjalny prowincji Matki Bo\u017cej Anielskiej w USA fr. Michael HEINE, a tak\u017ce zakonnicy z obu jednocz\u0105cych si\u0119 obszar\u00f3w.<br \/>\nPodczas obrad minister generalny zwr\u00f3ci\u0142 szczeg\u00f3ln\u0105 uwag\u0119 na s\u0142owo \u201eruch\u201d, kt\u00f3re powinno wyznacza\u0107 pierwsze kroki nowej prowincji. Jej rozw\u00f3j b\u0119dzie bowiem wymaga\u0142 wielu \u201eprzemieszcze\u0144\u201d \u2013 zar\u00f3wno na p\u0142aszczy\u017anie wewn\u0119trznej (duchowej i strukturalnej), jak i zewn\u0119trznej (geograficznej).<br \/>\nW\u015br\u00f3d hase\u0142, kt\u00f3re najmocniej wybrzmia\u0142y podczas tego braterskiego spotkania, znalaz\u0142y si\u0119 r\u00f3wnie\u017c \u201etroska\u201d oraz \u201ewsp\u00f3lne kroczenie\u201d. Fr. Michael HEINE zauwa\u017cy\u0142, \u017ce kapitu\u0142a zgromadzi\u0142a si\u0119 w miejscu, gdzie wielu ludzi walczy o uwolnienie si\u0119 od uzale\u017cnie\u0144 \u2013 w przestrzeni przesi\u0105kni\u0119tej \u201enadziej\u0105\u201d. Wyb\u00f3r tego miejsca mia\u0142 g\u0142\u0119boki wymiar symboliczny. Zakonnicy r\u00f3wnie\u017c nieustannie potrzebuj\u0105 leczy\u0107 w\u0142asne rany i przebacza\u0107 sobie nawzajem, aby z odnowion\u0105 nadziej\u0105 i\u015b\u0107 naprz\u00f3d.<br \/>\nW czasie kapitu\u0142y wybrano nowe w\u0142adze prowincji: minister prowincjalny \u2013 fr. Josemar Bertes MACHADO, wikariusz prowincjalny \u2013 fr. Willian Gomes MENDON\u00c7A, sekretarz prowincjalny \u2013 fr. Carlos Roberto de Oliveira CHARLES, definitorzy \u2013 fr. Jos\u00e9 Hugo DA SILVA SANTOS oraz fr. Alexandre PATUCCI DE LIMA. Nowo wybrany minister prowincjalny zapewni\u0142 wszystkich o swoim pe\u0142nym zaanga\u017cowaniu \u2013 wraz z ca\u0142ym definitorium \u2013 we wsp\u00f3ln\u0105 drog\u0119 jako jedna, zjednoczona wsp\u00f3lnota braterska.<br \/>\nW pi\u0105tek 28 sierpnia, w liturgiczne wspomnienie \u015bw. Augustyna, wsp\u00f3\u0142bracia zebrali si\u0119 u st\u00f3p swojej Patronki w sanktuarium narodowym w Aparecida do Norte. Uroczysta Msza \u015bw. zako\u0144czy\u0142a pierwsz\u0105 cz\u0119\u015b\u0107 kapitu\u0142y. Zawierzono podczas niej Matce Bo\u017cej powo\u0142anie i misj\u0119 ka\u017cdego z braci oraz przysz\u0142o\u015b\u0107 nowej wsp\u00f3lnoty prowincjalnej.<br \/>\nNiech Naj\u015bwi\u0119tsza Dziewica pomaga nam trwa\u0107 w wierno\u015bci Panu i w pe\u0142ni odpowiada\u0107 na to, do czego wzywa nas we wsp\u00f3\u0142czesnym \u015bwiecie jako owoc tego zjednoczenia. Amen.<\/p>\n<p style=\"text-align: right;\">Fr. Alexandre PATUCCI DE LIMA, sekretarz kapitu\u0142y<\/p>\nngg_shortcode_0_placeholder\n","protected":false},"excerpt":{"rendered":"<p>W dniach 24-28 sierpnia 2026 r. w Guaratinguet\u00e1 (stan S\u00e3o Paulo) odby\u0142a si\u0119 pierwsza cz\u0119\u015b\u0107 1. kapitu\u0142y prowincjalnej nowej prowincji Matki Bo\u017cej z Aparecidy w Brazylii. Miejscem obrad by\u0142 dom rekolekcyjny \u201eFazenda da Esperan\u00e7a\u201d, malowniczo wtopiony w otaczaj\u0105c\u0105 go przyrod\u0119. Kapitu\u0142a by\u0142a wydarzeniem historycznym, poniewa\u017c przypiecz\u0119towa\u0142a zjednoczenie dw\u00f3ch dotychczasowych jurysdykcji: prowincji \u015bw. Franciszka w Brazylii [&hellip;]<\/p>\n","protected":false},"author":1,"featured_media":102786,"comment_status":"closed","ping_status":"open","sticky":false,"template":"","format":"standard","meta":{"ngg_post_thumbnail":0,"footnotes":""},"categories":[108,131,149],"tags":[4863,193],"class_list":["post-102790","post","type-post","status-publish","format-standard","has-post-thumbnail","category-falc-pl","category-federacje","category-wiadomosci","tag-brazylia-aparecida","tag-kapitula"],"_links":{"self":[{"href":"https:\/\/www.ofmconv.net\/pl\/wp-json\/wp\/v2\/posts\/102790","targetHints":{"allow":["GET"]}}],"collection":[{"href":"https:\/\/www.ofmconv.net\/pl\/wp-json\/wp\/v2\/posts"}],"about":[{"href":"https:\/\/www.ofmconv.net\/pl\/wp-json\/wp\/v2\/types\/post"}],"author":[{"embeddable":true,"href":"https:\/\/www.ofmconv.net\/pl\/wp-json\/wp\/v2\/users\/1"}],"replies":[{"embeddable":true,"href":"https:\/\/www.ofmconv.net\/pl\/wp-json\/wp\/v2\/comments?post=102790"}],"version-history":[{"count":2,"href":"https:\/\/www.ofmconv.net\/pl\/wp-json\/wp\/v2\/posts\/102790\/revisions"}],"predecessor-version":[{"id":102795,"href":"https:\/\/www.ofmconv.net\/pl\/wp-json\/wp\/v2\/posts\/102790\/revisions\/102795"}],"wp:featuredmedia":[{"embeddable":true,"href":"https:\/\/www.ofmconv.net\/pl\/wp-json\/wp\/v2\/media\/102786"}],"wp:attachment":[{"href":"https:\/\/www.ofmconv.net\/pl\/wp-json\/wp\/v2\/media?parent=102790"}],"wp:term":[{"taxonomy":"category","embeddable":true,"href":"https:\/\/www.ofmconv.net\/pl\/wp-json\/wp\/v2\/categories?post=102790"},{"taxonomy":"post_tag","embeddable":true,"href":"https:\/\/www.ofmconv.net\/pl\/wp-json\/wp\/v2\/tags?post=102790"}],"curies":[{"name":"wp","href":"https:\/\/api.w.org\/{rel}","templated":true}]}}