{"id":102833,"date":"2026-09-02T13:05:04","date_gmt":"2026-09-02T11:05:04","guid":{"rendered":"https:\/\/www.ofmconv.net\/la-m-i-in-brasile-rinnova-la-propria-missione-ed-elegge-il-nuovo-consiglio-nazionale\/"},"modified":"2026-09-02T13:16:13","modified_gmt":"2026-09-02T11:16:13","slug":"la-m-i-in-brasile-rinnova-la-propria-missione-ed-elegge-il-nuovo-consiglio-nazionale","status":"publish","type":"post","link":"https:\/\/www.ofmconv.net\/pl\/la-m-i-in-brasile-rinnova-la-propria-missione-ed-elegge-il-nuovo-consiglio-nazionale\/","title":{"rendered":"MI w Brazylii odnawia swoj\u0105 misj\u0119 i\u00a0wybiera now\u0105 rad\u0119 narodow\u0105"},"content":{"rendered":"<p><strong>W dniach 18-23 sierpnia 2026 r. Miquel BORDAS PR\u00d3SZY\u0143SKI, prezes mi\u0119dzynarodowy Rycerstwa Niepokalanej (MI), oraz fr. Gilson Miguel NUNES, delegat asystenta mi\u0119dzynarodowego MI, odwiedzili wsp\u00f3lnoty stowarzyszenia w Brazylii i wzi\u0119li udzia\u0142 w III narodowym zgromadzeniu wyborczym.<\/strong><\/p>\n<p>Podr\u00f3\u017c rozpocz\u0119\u0142a si\u0119 w S\u00e3o Bernardo do Campo, gdzie go\u015bcie odwiedzili centrum regionalne MI oraz sie\u0107 radiowo-telewizyjn\u0105 \u201eNiepokalana\u201d (Red Inmaculada de Comunica\u00e7\u00e3o). Wizyta ta mia\u0142a miejsce na kilka dni przed kapitu\u0142\u0105 prowincjaln\u0105, kt\u00f3ra przypiecz\u0119towa\u0142a zjednoczenie prowincji \u015bw. Franciszka oraz kustodii prowincjalnej Niepokalanego Pocz\u0119cia NMP w now\u0105 prowincj\u0119 Matki Bo\u017cej z Aparecidy w Brazylii. Nast\u0119pnie udali si\u0119 oni do Jardim da Imaculada w Cidade Ocidental, niedaleko Bras\u00edlii, aby wzi\u0105\u0107 udzia\u0142 w III narodowym zgromadzeniu wyborczym MI w Brazylii, kt\u00f3re odby\u0142o si\u0119 w dniach 21-23 sierpnia.<br \/>\nW S\u00e3o Bernardo do Campo wizyta rozpocz\u0119\u0142a si\u0119 od Mszy \u015bw. w oratorium centrum regionalnego. Przewodniczy\u0142 jej fr. Gilson Miguel NUNES, a koncelebrowali bracia mniejsi konwentualni wchodz\u0105cy w sk\u0142ad rady zarz\u0105dzaj\u0105cej sieci radiowo-telewizyjnej \u201eNiepokalana\u201d. Po liturgii odby\u0142o si\u0119 spotkanie braterskie i rozmowa z kierownictwem sieci, a nast\u0119pnie go\u015bcie wzi\u0119li udzia\u0142 w programie \u201eEm Sintonia\u201d w ramach cyklu \u201eSpotkanie z Maryj\u0105\u201d. Wizyta ta przyczyni\u0142a si\u0119 do umocnienia wi\u0119zi mi\u0119dzy strukturami mi\u0119dzynarodowymi a MI w Brazylii. By\u0142a tak\u017ce okazj\u0105 do odnowienia zaanga\u017cowania w idea\u0142 \u015bw. Maksymiliana Marii Kolbego: oddania w\u0142asnego \u017cycia i wszelkich dost\u0119pnych \u015brodk\u00f3w na s\u0142u\u017cb\u0119 ewangelizacji oraz niesienia mi\u0142o\u015bci Niepokalanej wszystkim ludziom.<br \/>\n19 sierpnia obaj przedstawiciele udali si\u0119 do Bras\u00edlii. Nast\u0119pnego dnia Miquel BORDAS PR\u00d3SZY\u0143SKI spotka\u0142 si\u0119 w kurii prowincjalnej z fr. Gilberto DE JESUS RODRIGUES, ministrem prowincjalnym prowincji \u015bw. Maksymiliana Marii Kolbego w Brazylii, a tak\u017ce odwiedzi\u0142 bazylik\u0119 \u015bw. Franciszka.<br \/>\nNa III narodowe zgromadzenie MI przyby\u0142o ponad 30 delegat\u00f3w z r\u00f3\u017cnych stan\u00f3w, w tym z Amazonii. Spotkanie up\u0142yn\u0119\u0142o pod znakiem modlitwy, braterstwa, wzajemnego s\u0142uchania oraz rozeznawania dalszej drogi stowarzyszenia. Celem wydarzenia by\u0142o podsumowanie kadencji 2022-2026, bli\u017csze zapoznanie si\u0119 z r\u00f3\u017cnymi formami dzia\u0142alno\u015bci MI w kraju, okre\u015blenie najwa\u017cniejszych wyzwa\u0144, wyznaczenie priorytet\u00f3w na kolejne cztery lata oraz wyb\u00f3r nowej rady narodowej.<br \/>\nPodczas obrad uczestnicy dzielili si\u0119 do\u015bwiadczeniami poszczeg\u00f3lnych grup lokalnych, co ukaza\u0142o bogactwo i r\u00f3\u017cnorodno\u015b\u0107 MI w Brazylii. Zwr\u00f3cono uwag\u0119 na potrzeb\u0119 umocnienia formacji, organizacji, komunikacji oraz duchowego towarzyszenia wsp\u00f3lnotom. Sprawozdanie z lat 2022-2026 uwypukli\u0142o liczne owoce, takie jak: rozw\u00f3j grup i dzie\u0142a zawierzenia Niepokalanej, rozszerzenie dzia\u0142alno\u015bci misyjnej, organizacj\u0119 formacji, rekolekcji, czuwa\u0144 modlitewnych, odwiedzin w rodzinach, prac\u0119 z dzie\u0107mi i m\u0142odzie\u017c\u0105 oraz aktywn\u0105 obecno\u015b\u0107 w mediach. Jednocze\u015bnie wskazano na wyzwania zwi\u0105zane z wewn\u0119trzn\u0105 komunikacj\u0105, formacj\u0105, wsparciem cz\u0142onk\u00f3w, struktur\u0105 organizacyjn\u0105 i stabilno\u015bci\u0105 stowarzyszenia.<br \/>\n22 sierpnia wybrano now\u0105 rad\u0119 narodow\u0105 na kadencj\u0119 2026-2030. W jej sk\u0142ad weszli: Ver\u00f4nica FERREIRA DE SOUZA \u2013 prezes narodowa; Thiago BALBY \u2013 wiceprezes; Taiane MENESES \u2013 sekretarz; Sandra MACHADO, Paulinele TEIXEIRA i Geny CRUZ \u2013 radni. Cz\u0142onkami komisji rewizyjnej zostali: Luzinete FERREIRA, Maria GORETHE i Concei\u00e7\u00e3o de Mar\u00eda BEZERRA. Funkcj\u0119 asystenta narodowego MI w Brazylii nadal b\u0119dzie pe\u0142ni\u0142 fr. Jorge CAMPELO DE ALBUQUERQUE E MELO.<br \/>\nZgromadzenie zako\u0144czy\u0142o si\u0119 23 sierpnia Msz\u0105 \u015bw., kt\u00f3rej przewodniczy\u0142 fr. Gilson Miguel NUNES, oraz wizyt\u0105 w r\u00f3\u017cnych miejscach Jardim da Imaculada \u2013 narodowego o\u015brodka MI w Brazylii. Uczestnicy powierzyli Niepokalanej now\u0105 czteroletni\u0105 kadencj\u0119 oraz wypracowane wnioski. W\u015br\u00f3d g\u0142\u00f3wnych za\u0142o\u017ce\u0144 na przysz\u0142o\u015b\u0107 znalaz\u0142y si\u0119: umocnienie jedno\u015bci i komunikacji, formacja, troska o m\u0142odzie\u017c, wsparcie poszczeg\u00f3lnych region\u00f3w oraz wznowienie dzia\u0142alno\u015bci misyjnej w Amazonii.<br \/>\nIII narodowe zgromadzenie sta\u0142o si\u0119 czasem odnowy komunii i misyjnego zaanga\u017cowania Rycerstwa Niepokalanej w Brazylii. Uczestnicy powr\u00f3cili do swoich wsp\u00f3lnot z pragnieniem dalszego rozwoju misji, przekszta\u0142cania r\u00f3\u017cnorodno\u015bci w jeszcze wi\u0119ksz\u0105 jedno\u015b\u0107 i wsp\u00f3\u0142prac\u0119 oraz wiernego trwania przy charyzmacie \u015bw. Maksymiliana Marii Kolbego.<\/p>\n<p style=\"text-align: right;\">Miquel BORDAS PR\u00d3SZY\u0143SKI<br \/>\nVer\u00f4nica FERREIRA DE SOUZA<\/p>\nngg_shortcode_0_placeholder\n","protected":false},"excerpt":{"rendered":"<p>W dniach 18-23 sierpnia 2026 r. Miquel BORDAS PR\u00d3SZY\u0143SKI, prezes mi\u0119dzynarodowy Rycerstwa Niepokalanej (MI), oraz fr. Gilson Miguel NUNES, delegat asystenta mi\u0119dzynarodowego MI, odwiedzili wsp\u00f3lnoty stowarzyszenia w Brazylii i wzi\u0119li udzia\u0142 w III narodowym zgromadzeniu wyborczym. Podr\u00f3\u017c rozpocz\u0119\u0142a si\u0119 w S\u00e3o Bernardo do Campo, gdzie go\u015bcie odwiedzili centrum regionalne MI oraz sie\u0107 radiowo-telewizyjn\u0105 \u201eNiepokalana\u201d (Red [&hellip;]<\/p>\n","protected":false},"author":1,"featured_media":102829,"comment_status":"closed","ping_status":"open","sticky":false,"template":"","format":"standard","meta":{"ngg_post_thumbnail":0,"footnotes":""},"categories":[123,134,149],"tags":[400,923],"class_list":["post-102833","post","type-post","status-publish","format-standard","has-post-thumbnail","category-mi-pl","category-urzedy-generalne","category-wiadomosci","tag-brazylia","tag-zgromadzenie-mi"],"_links":{"self":[{"href":"https:\/\/www.ofmconv.net\/pl\/wp-json\/wp\/v2\/posts\/102833","targetHints":{"allow":["GET"]}}],"collection":[{"href":"https:\/\/www.ofmconv.net\/pl\/wp-json\/wp\/v2\/posts"}],"about":[{"href":"https:\/\/www.ofmconv.net\/pl\/wp-json\/wp\/v2\/types\/post"}],"author":[{"embeddable":true,"href":"https:\/\/www.ofmconv.net\/pl\/wp-json\/wp\/v2\/users\/1"}],"replies":[{"embeddable":true,"href":"https:\/\/www.ofmconv.net\/pl\/wp-json\/wp\/v2\/comments?post=102833"}],"version-history":[{"count":2,"href":"https:\/\/www.ofmconv.net\/pl\/wp-json\/wp\/v2\/posts\/102833\/revisions"}],"predecessor-version":[{"id":102838,"href":"https:\/\/www.ofmconv.net\/pl\/wp-json\/wp\/v2\/posts\/102833\/revisions\/102838"}],"wp:featuredmedia":[{"embeddable":true,"href":"https:\/\/www.ofmconv.net\/pl\/wp-json\/wp\/v2\/media\/102829"}],"wp:attachment":[{"href":"https:\/\/www.ofmconv.net\/pl\/wp-json\/wp\/v2\/media?parent=102833"}],"wp:term":[{"taxonomy":"category","embeddable":true,"href":"https:\/\/www.ofmconv.net\/pl\/wp-json\/wp\/v2\/categories?post=102833"},{"taxonomy":"post_tag","embeddable":true,"href":"https:\/\/www.ofmconv.net\/pl\/wp-json\/wp\/v2\/tags?post=102833"}],"curies":[{"name":"wp","href":"https:\/\/api.w.org\/{rel}","templated":true}]}}