{"id":102858,"date":"2026-09-02T13:23:10","date_gmt":"2026-09-02T11:23:10","guid":{"rendered":"https:\/\/www.ofmconv.net\/assisi-nove-novizi-emettono-la-prima-professione-nel-segno-della-perfetta-carita\/"},"modified":"2026-09-02T13:27:39","modified_gmt":"2026-09-02T11:27:39","slug":"assisi-nove-novizi-emettono-la-prima-professione-nel-segno-della-perfetta-carita","status":"publish","type":"post","link":"https:\/\/www.ofmconv.net\/pl\/assisi-nove-novizi-emettono-la-prima-professione-nel-segno-della-perfetta-carita\/","title":{"rendered":"Asy\u017c: pierwsza profesja zakonna nowicjuszy w\u00a0duchu \u201edoskona\u0142ej mi\u0142o\u015bci\u201d"},"content":{"rendered":"<p><strong>Na zako\u0144czenie rocznego nowicjatu asyska wsp\u00f3lnota kustodialna \u015bwi\u0119towa\u0142a uroczysto\u015b\u0107 pierwszej profesji zakonnej dziewi\u0119ciu nowicjuszy. W obecno\u015bci wychowawc\u00f3w \u2013 mistrza fr. Federico SANTOLIN oraz wicemistrza fr. Jonathana MUTUO \u2013 kandydaci z\u0142o\u017cyli \u015bluby rad ewangelicznych na r\u0119ce swoich ministr\u00f3w prowincjalnych.<\/strong><\/p>\n<p>Uroczysto\u015b\u0107 odby\u0142a si\u0119 29 sierpnia 2026 r. w papieskiej bazylice \u015bw. Franciszka w Asy\u017cu. Wzi\u0119li w niej udzia\u0142 cz\u0142onkowie rodzin nowicjuszy, a tak\u017ce liczni przyjaciele i znajomi towarzysz\u0105cy im na dotychczasowej drodze formacji. W liturgii uczestniczyli r\u00f3wnie\u017c: wikariusz generalny Zakonu fr. Igor SALMI\u010c, prokurator generalny fr. Maurizio DI PAOLO oraz postulator generalny fr. Raimundo Valdo NOGUEIRA.<br \/>\nUroczystej Mszy \u015bw. przewodniczy\u0142 kustosz \u015awi\u0119tego Konwentu fr. Marco MORONI. O opraw\u0119 muzyczn\u0105 zadba\u0142 ch\u00f3r z\u0142o\u017cony z m\u0142odzie\u017cy, si\u00f3str oraz braci zakonnych, pod dyrekcj\u0105 fr. Emanuela CHIRICHE\u0218.<br \/>\nW homilii, kt\u00f3rej tematem przewodnim by\u0142a \u201edoskona\u0142a mi\u0142o\u015b\u0107\u201d, kustosz przypomnia\u0142 g\u0142\u0119bokie znaczenie formu\u0142y profesji zakonnej. Podkre\u015bli\u0142, \u017ce doskona\u0142o\u015b\u0107, do kt\u00f3rej powo\u0142any jest ka\u017cdy konsekrowany, nie oznacza d\u0105\u017cenia do perfekcjonizmu. Jest to raczej zdolno\u015b\u0107 do zintegrowania w swoim \u017cyciu ewangelicznego wezwania do doskona\u0142o\u015bci (\u201eb\u0105d\u017acie doskonali\u201d) z wezwaniem do mi\u0142osierdzia (\u201eb\u0105d\u017acie mi\u0142osierni\u201d). Prawdziwa doskona\u0142o\u015b\u0107 jest bowiem to\u017csama z mi\u0142osierdziem. Profesja \u015blub\u00f3w \u2013 prze\u017cywana we wsp\u00f3lnocie braterskiej i poprzez dar z samego siebie \u2013 nie jest zatem wyborem \u017cycia ju\u017c \u201edoskona\u0142ego\u201d, lecz zobowi\u0105zaniem do nieustannego wpatrywania si\u0119 w Jezusa i pozwalania, by to On prowadzi\u0142 cz\u0142owieka drog\u0105 powo\u0142ania.<br \/>\nProfesj\u0119 czasow\u0105 z\u0142o\u017cyli nast\u0119puj\u0105cy bracia: fr. Alexis Marie CAMPINHO LEMOS, fr. J\u00e9r\u00f4me Marie JACQUEMIN oraz fr. Micka\u00ebl Marie RINEAU z kustodii prowincjalnej \u015bw. Bonawentury we Francji i Belgii; fr. Ante \u0106IBARI\u0106, fr. Vedran KAMENE\u010cKI oraz fr. Filip PANZA z prowincji \u015bw. Hieronima w Chorwacji; fr. Andrea Celestino Pio ACQUAVIVA z prowincji w\u0142oskiej \u015bw. Antoniego z Padwy (W\u0142ochy P\u00f3\u0142nocne); fr. Giovanni Maria AVALLONE z prowincji w\u0142oskiej Niepokalanego Pocz\u0119cia (Kalabria i Sycylia); fr. Vittorio MINETOLA z prowincji w\u0142oskiej \u015bw. J\u00f3zefa z Kupertynu (Abruzja, Molise i Apulia).<br \/>\nWsp\u00f3lnota \u015awi\u0119tego Konwentu sk\u0142ada dziewi\u0119ciu nowym profesom najserdeczniejsze \u017cyczenia, aby z rado\u015bci\u0105 i po\u017cytkiem kontynuowali drog\u0119 formacji zakonnej oraz studi\u00f3w, wzrastaj\u0105c w braterstwie i w na\u015bladowaniu Chrystusa w duchu \u015bw. Franciszka.<\/p>\n<p style=\"text-align: right;\">Fr. Silvano BIANCO, sekretarz kustodii<\/p>\nngg_shortcode_0_placeholder\n","protected":false},"excerpt":{"rendered":"<p>Na zako\u0144czenie rocznego nowicjatu asyska wsp\u00f3lnota kustodialna \u015bwi\u0119towa\u0142a uroczysto\u015b\u0107 pierwszej profesji zakonnej dziewi\u0119ciu nowicjuszy. W obecno\u015bci wychowawc\u00f3w \u2013 mistrza fr. Federico SANTOLIN oraz wicemistrza fr. Jonathana MUTUO \u2013 kandydaci z\u0142o\u017cyli \u015bluby rad ewangelicznych na r\u0119ce swoich ministr\u00f3w prowincjalnych. Uroczysto\u015b\u0107 odby\u0142a si\u0119 29 sierpnia 2026 r. w papieskiej bazylice \u015bw. Franciszka w Asy\u017cu. Wzi\u0119li w niej [&hellip;]<\/p>\n","protected":false},"author":1,"featured_media":102854,"comment_status":"closed","ping_status":"open","sticky":false,"template":"","format":"standard","meta":{"ngg_post_thumbnail":0,"footnotes":""},"categories":[131,118,149],"tags":[1226,2139],"class_list":["post-102858","post","type-post","status-publish","format-standard","has-post-thumbnail","category-federacje","category-fimp-pl","category-wiadomosci","tag-sluby-czasowe","tag-wlochy-asyz"],"_links":{"self":[{"href":"https:\/\/www.ofmconv.net\/pl\/wp-json\/wp\/v2\/posts\/102858","targetHints":{"allow":["GET"]}}],"collection":[{"href":"https:\/\/www.ofmconv.net\/pl\/wp-json\/wp\/v2\/posts"}],"about":[{"href":"https:\/\/www.ofmconv.net\/pl\/wp-json\/wp\/v2\/types\/post"}],"author":[{"embeddable":true,"href":"https:\/\/www.ofmconv.net\/pl\/wp-json\/wp\/v2\/users\/1"}],"replies":[{"embeddable":true,"href":"https:\/\/www.ofmconv.net\/pl\/wp-json\/wp\/v2\/comments?post=102858"}],"version-history":[{"count":2,"href":"https:\/\/www.ofmconv.net\/pl\/wp-json\/wp\/v2\/posts\/102858\/revisions"}],"predecessor-version":[{"id":102863,"href":"https:\/\/www.ofmconv.net\/pl\/wp-json\/wp\/v2\/posts\/102858\/revisions\/102863"}],"wp:featuredmedia":[{"embeddable":true,"href":"https:\/\/www.ofmconv.net\/pl\/wp-json\/wp\/v2\/media\/102854"}],"wp:attachment":[{"href":"https:\/\/www.ofmconv.net\/pl\/wp-json\/wp\/v2\/media?parent=102858"}],"wp:term":[{"taxonomy":"category","embeddable":true,"href":"https:\/\/www.ofmconv.net\/pl\/wp-json\/wp\/v2\/categories?post=102858"},{"taxonomy":"post_tag","embeddable":true,"href":"https:\/\/www.ofmconv.net\/pl\/wp-json\/wp\/v2\/tags?post=102858"}],"curies":[{"name":"wp","href":"https:\/\/api.w.org\/{rel}","templated":true}]}}