{"id":102880,"date":"2026-09-02T13:35:52","date_gmt":"2026-09-02T11:35:52","guid":{"rendered":"https:\/\/www.ofmconv.net\/papa-leone-xiv-celebra-la-giornata-per-la-cura-del-creato-a-castel-gandolfo\/"},"modified":"2026-09-02T13:41:43","modified_gmt":"2026-09-02T11:41:43","slug":"papa-leone-xiv-celebra-la-giornata-per-la-cura-del-creato-a-castel-gandolfo","status":"publish","type":"post","link":"https:\/\/www.ofmconv.net\/pl\/papa-leone-xiv-celebra-la-giornata-per-la-cura-del-creato-a-castel-gandolfo\/","title":{"rendered":"Papie\u017c Leon XIV \u015bwi\u0119tuje dzie\u0144 modlitw o\u00a0ochron\u0119 \u015bwiata stworzonego w\u00a0Castel Gandolfo"},"content":{"rendered":"<p><strong>1 wrze\u015bnia 2026 r. papie\u017c Leon XIV przewodniczy\u0142 Mszy \u015bw. w intencji ochrony stworzenia, sprawowanej w ogrodzie Madonniny przy Borgo Laudato Si\u2019 na terenie ogrod\u00f3w willi papieskich w Castel Gandolfo. Uroczysto\u015b\u0107 by\u0142a zwi\u0105zana z 11. \u015bwiatowym dniem modlitw o ochron\u0119 \u015bwiata stworzonego i wpisa\u0142a si\u0119 w tegoroczny \u201eCzas dla stworzenia\u201d, obchodzony w trakcie przygotowa\u0144 do 800. rocznicy \u015bmierci \u015bw. Franciszka z Asy\u017cu.<\/strong><\/p>\n<p>O godz. 18.30 czasu rzymskiego Leon XIV jako pierwszy papie\u017c w historii osobi\u015bcie przewodniczy\u0142 Mszy \u015bw. z okazji tego dnia. Pos\u0142u\u017cy\u0142 si\u0119 przy tym formularzem mszalnym, kt\u00f3ry sam zatwierdzi\u0142 w ubieg\u0142ym roku. Oficjalny kalendarz Stolicy Apostolskiej potwierdza, \u017ce to bezprecedensowe wydarzenie mia\u0142o miejsce w\u0142a\u015bnie w Borgo Laudato Si\u2019 w Castel Gandolfo.<\/p>\n<p><strong>Or\u0119dzie widziane z perspektywy franciszka\u0144skiej<br \/>\n<\/strong>Papieskie or\u0119dzie na ten dzie\u0144, podpisane w uroczysto\u015b\u0107 Wniebowzi\u0119cia NMP, nosi tytu\u0142 zaczerpni\u0119ty z Ksi\u0119gi Proroka Izajasza: \u201eSwe miecze przekuj\u0105 na lemiesze, a swoje w\u0142\u00f3cznie na sierpy\u201d.<br \/>\nWojna \u2013 jak zauwa\u017ca Ojciec \u015awi\u0119ty \u2013 pozostawia po sobie zniszczenia spo\u0142eczne i ekologiczne, kt\u00f3re dotykaj\u0105 ca\u0142e pokolenia. Konflikty zbrojne i degradacja \u015brodowiska wzajemnie si\u0119 nap\u0119dzaj\u0105, tworz\u0105c b\u0142\u0119dne ko\u0142o: niszczone s\u0105 ekosystemy, zanieczyszczane woda i powietrze, a bezpiecze\u0144stwo \u017cywno\u015bciowe zostaje zagro\u017cone. W efekcie pog\u0142\u0119biaj\u0105 si\u0119 ub\u00f3stwo i nier\u00f3wno\u015bci, co tworzy podatny grunt pod nowe napi\u0119cia.<br \/>\nPapie\u017c bezpo\u015brednio \u0142\u0105czy krzyk ziemi oraz wo\u0142anie ubogich z dramatem wojny, pisz\u0105c: \u201eRany wojenne i degradacja ziemi s\u0105 g\u0142\u0119boko zwi\u0105zane ze stanem ludzkiego serca\u201d<a href=\"#_ftn1\" name=\"_ftnref1\"><em><strong>[1]<\/strong><\/em><\/a>. Cytuje przy tym Benedykta XVI, kt\u00f3ry wskazywa\u0142, \u017ce zewn\u0119trzne pustynie na \u015bwiecie mno\u017c\u0105 si\u0119, poniewa\u017c rozleg\u0142e sta\u0142y si\u0119 pustynie wewn\u0119trzne.<br \/>\nSwoj\u0105 refleksj\u0119 papie\u017c ko\u0144czy, prowadz\u0105c nas od pustyni do ogrodu, od podzia\u0142\u00f3w do komunii oraz od przemocy do pokoju, splataj\u0105c trosk\u0119 o stworzenie i budowanie pokoju w jedn\u0105, nierozerwaln\u0105 ca\u0142o\u015b\u0107.<br \/>\nTen sam paradygmat odnajdujemy w duchowo\u015bci franciszka\u0144skiej, ukszta\u0142towanej przez <em>Pie\u015b\u0144 s\u0142oneczn\u0105<\/em> \u015bw. Franciszka. Strofa po\u015bwi\u0119cona tym, kt\u00f3rzy przebaczaj\u0105, znajduje si\u0119 tam przecie\u017c pomi\u0119dzy pochwa\u0142\u0105 stworzenia a siostr\u0105 \u015bmierci\u0105. Biedaczyna z Asy\u017cu nie napisa\u0142 poematu o ekologii, do kt\u00f3rego po czasie doda\u0142by fragment o pokoju. Stworzy\u0142 jedno sp\u00f3jne dzie\u0142o, kt\u00f3re na nowo odkrywamy, \u015bwi\u0119tuj\u0105c 800. rocznic\u0119 jego przej\u015bcia do chwa\u0142y nieba.<\/p>\n<p><strong>Pakiet materia\u0142\u00f3w promocyjnych<br \/>\n<\/strong><a href=\"https:\/\/docs.google.com\/document\/d\/1Fj9xDFeQl4EB-ewbYU6r_U931xWWa3_J9AcGqDrxW8Q\/edit?tab=t.0\"><em>https:\/\/docs.google.com\/document\/d\/1Fj9xDFeQl4EB-ewbYU6r_U931xWWa3_J9AcGqDrxW8Q\/edit?tab=t.0<\/em><\/a><\/p>\n<p>Niech \u0142aska dnia modlitw o ochron\u0119 \u015bwiata stworzonego stale wam towarzyszy.<\/p>\n<p style=\"text-align: right;\">Fr. Michael LASKY, delegat generalny ds. sprawiedliwo\u015bci, pokoju i integralno\u015bci stworzenia<\/p>\n<hr>\n<p><span style=\"font-size: 8pt;\"><a href=\"#_ftnref1\" name=\"_ftn1\">[1]<\/a> https:\/\/www.vatican.va\/content\/leo-xiv\/pl\/messages\/creation\/documents\/20260815-messaggio-giornata-curacreato.html<\/span><\/p>\nngg_shortcode_0_placeholder\n","protected":false},"excerpt":{"rendered":"<p>1 wrze\u015bnia 2026 r. papie\u017c Leon XIV przewodniczy\u0142 Mszy \u015bw. w intencji ochrony stworzenia, sprawowanej w ogrodzie Madonniny przy Borgo Laudato Si\u2019 na terenie ogrod\u00f3w willi papieskich w Castel Gandolfo. Uroczysto\u015b\u0107 by\u0142a zwi\u0105zana z 11. \u015bwiatowym dniem modlitw o ochron\u0119 \u015bwiata stworzonego i wpisa\u0142a si\u0119 w tegoroczny \u201eCzas dla stworzenia\u201d, obchodzony w trakcie przygotowa\u0144 do [&hellip;]<\/p>\n","protected":false},"author":1,"featured_media":102892,"comment_status":"closed","ping_status":"open","sticky":false,"template":"","format":"standard","meta":{"ngg_post_thumbnail":0,"footnotes":""},"categories":[119,134,149],"tags":[4895],"class_list":["post-102880","post","type-post","status-publish","format-standard","has-post-thumbnail","category-gpic-pl","category-urzedy-generalne","category-wiadomosci","tag-papiez-leon-xiv"],"_links":{"self":[{"href":"https:\/\/www.ofmconv.net\/pl\/wp-json\/wp\/v2\/posts\/102880","targetHints":{"allow":["GET"]}}],"collection":[{"href":"https:\/\/www.ofmconv.net\/pl\/wp-json\/wp\/v2\/posts"}],"about":[{"href":"https:\/\/www.ofmconv.net\/pl\/wp-json\/wp\/v2\/types\/post"}],"author":[{"embeddable":true,"href":"https:\/\/www.ofmconv.net\/pl\/wp-json\/wp\/v2\/users\/1"}],"replies":[{"embeddable":true,"href":"https:\/\/www.ofmconv.net\/pl\/wp-json\/wp\/v2\/comments?post=102880"}],"version-history":[{"count":3,"href":"https:\/\/www.ofmconv.net\/pl\/wp-json\/wp\/v2\/posts\/102880\/revisions"}],"predecessor-version":[{"id":102896,"href":"https:\/\/www.ofmconv.net\/pl\/wp-json\/wp\/v2\/posts\/102880\/revisions\/102896"}],"wp:featuredmedia":[{"embeddable":true,"href":"https:\/\/www.ofmconv.net\/pl\/wp-json\/wp\/v2\/media\/102892"}],"wp:attachment":[{"href":"https:\/\/www.ofmconv.net\/pl\/wp-json\/wp\/v2\/media?parent=102880"}],"wp:term":[{"taxonomy":"category","embeddable":true,"href":"https:\/\/www.ofmconv.net\/pl\/wp-json\/wp\/v2\/categories?post=102880"},{"taxonomy":"post_tag","embeddable":true,"href":"https:\/\/www.ofmconv.net\/pl\/wp-json\/wp\/v2\/tags?post=102880"}],"curies":[{"name":"wp","href":"https:\/\/api.w.org\/{rel}","templated":true}]}}