{"id":103023,"date":"2026-09-04T14:22:47","date_gmt":"2026-09-04T12:22:47","guid":{"rendered":"https:\/\/www.ofmconv.net\/progetto-n-41-2026-emergenza-umanitaria-a-seguito-del-sisma-in-colombia\/"},"modified":"2026-09-04T14:28:25","modified_gmt":"2026-09-04T12:28:25","slug":"progetto-n-41-2026-emergenza-umanitaria-a-seguito-del-sisma-in-colombia","status":"publish","type":"post","link":"https:\/\/www.ofmconv.net\/pl\/progetto-n-41-2026-emergenza-umanitaria-a-seguito-del-sisma-in-colombia\/","title":{"rendered":"Projekt nr 41\/2026 \u2013 Kryzys humanitarny po trz\u0119sieniu ziemi w\u00a0Kolumbii"},"content":{"rendered":"<h3><strong>Projekt nr 41\/2026 \u2013<br \/>\n<\/strong><strong>Kryzys humanitarny po trz\u0119sieniu ziemi<br \/>\nw Kolumbii<\/strong><\/h3>\n<p>Kustodia prowincjalna \u015bw. Franciszka z Asy\u017cu w Kolumbii Zakonu Braci Mniejszych Konwentualnych przedstawia <strong>Projekt nr 41\/2026<\/strong> pod has\u0142em \u201e<strong>Pom\u00f3\u017c nam pomaga\u0107: pilna pro\u015bba o pomoc humanitarn\u0105 dla os\u00f3b dotkni\u0119tych trz\u0119sieniem ziemi<\/strong>\u201d. Inicjatywa ma na celu wsparcie rodzin, kt\u00f3re najbardziej ucierpia\u0142y w wyniku kataklizmu z 10 sierpnia 2026 r.<\/p>\n<p>Trz\u0119sienie ziemi o magnitudzie 7,4 spowodowa\u0142o \u015bmier\u0107 331 os\u00f3b i doprowadzi\u0142o do ogromnych zniszcze\u0144 w zachodniej cz\u0119\u015bci kraju. Franciszkanie pos\u0142uguj\u0105 w miejscowo\u015bci Filandia (departament Quind\u00edo) \u2013 gminie po\u0142o\u017conej w regionie \u201eEje Cafetero\u201d, kt\u00f3ry znalaz\u0142 si\u0119 w strefie najwi\u0119kszych zniszcze\u0144. Sytuacja wielu tamtejszych rolnik\u00f3w jest dramatyczna. Wielu z nich straci\u0142o dorobek ca\u0142ego \u017cycia i po ponad dw\u00f3ch tygodniach od katastrofy wci\u0105\u017c koczuje pod go\u0142ym niebem lub w prowizorycznych schronieniach.<br \/>\nOd pierwszych chwil tragedii czterej zakonnicy z parafii Niepokalanego Pocz\u0119cia w Filandii bez wytchnienia nios\u0105 pomoc poszkodowanym. Dzi\u0119ki \u015brodkom z bie\u017c\u0105cej dzia\u0142alno\u015bci duszpasterskiej dostarczaj\u0105 rolnikom z odci\u0119tych obszar\u00f3w \u017cywno\u015b\u0107 i leki.<br \/>\nAby odpowiedzie\u0107 na te krytyczne potrzeby, kustodia kolumbijska uruchomi\u0142a kampani\u0119 \u201ePom\u00f3\u017c nam pomaga\u0107\u201d. Jej g\u0142\u00f3wnym celem jest zebranie funduszy na odbudow\u0119 dach\u00f3w w domach najubo\u017cszych rodzin z terenu franciszka\u0144skiej parafii \u2013 rejon\u00f3w, do kt\u00f3rych pomoc rz\u0105dowa najprawdopodobniej nie dotrze.<br \/>\nPozyskane wsparcie zostanie przeznaczone na zakup materia\u0142\u00f3w budowlanych: drewna, blachy ocynkowanej, p\u0142yt falistych, dach\u00f3wek, plandek ochronnych, element\u00f3w mocuj\u0105cych, cegie\u0142 oraz cementu. Bracia mobilizuj\u0105 wiernych we wszystkich swoich plac\u00f3wkach, zach\u0119caj\u0105c do darowizn, a w akcj\u0119 zbi\u00f3rki funduszy czynnie w\u0142\u0105czyli si\u0119 tak\u017ce bracia profesi czasowi.<br \/>\nWszystkie wp\u0142aty trafiaj\u0105 na oficjalne konto bankowe kustodii. Biuro ekonomiczne koordynuje op\u0142acanie faktur, natomiast zakonnicy w Filandii \u2013 przy wsparciu lokalnej policji narodowej oraz parafialnych wolontariuszy \u2013 odpowiadaj\u0105 za transport materia\u0142\u00f3w bezpo\u015brednio do potrzebuj\u0105cych. Przez ten solidarny gest bracia chc\u0105 zabezpieczy\u0107 byt os\u00f3b wysiedlonych i z\u0142agodzi\u0107 cierpienie tych, kt\u00f3rzy ponosz\u0105 najci\u0119\u017csze skutki kataklizmu.<br \/>\nSzczeg\u00f3ln\u0105 trosk\u0105 otoczono r\u00f3wnie\u017c rodziny dw\u00f3ch wsp\u00f3\u0142braci b\u0119d\u0105cych na etapie formacji pocz\u0105tkowej. Ich bliscy mieszkaj\u0105 w epicentrum zniszcze\u0144 i stracili w trz\u0119sieniu ziemi ca\u0142y dobytek. Kustodia wspiera ich z w\u0142asnych zasob\u00f3w oraz dzi\u0119ki solidarno\u015bci innych jurysdykcji Zakonu: prowincja hiszpa\u0144ska przekaza\u0142a na ten cel 15&nbsp;000 \u20ac, a prowincja meksyka\u0144ska \u2013 3000 USD.<br \/>\nNadrz\u0119dnym celem ca\u0142ego projektu pozostaje zabezpieczenie dachu nad g\u0142ow\u0105 dla poszkodowanych rodzin oraz zapewnienie im sta\u0142ego, bezpo\u015bredniego wsparcia ze strony wsp\u00f3lnoty franciszka\u0144skiej.<\/p>\n<hr>\n<p><strong><u>Informacje o projekcie<\/u><\/strong><\/p>\n<ul>\n<li><strong>Jurysdykcja OFMConv:<\/strong> kustodia prowincjalna \u015bw. Franciszka z Asy\u017cu<\/li>\n<li><strong>Kraj:<\/strong> Kolumbia<\/li>\n<li><strong>Miejscowo\u015b\u0107:<\/strong> Filandia w departamencie Quind\u00edo<\/li>\n<li><strong>Rodzaj projektu:<\/strong> kryzys humanitarny<\/li>\n<li><strong>Data zg\u0142oszenia:<\/strong> 26 sierpnia 2026 r.<\/li>\n<li><strong>Bezpo\u015bredni odpowiedzialny za projekt:<\/strong>\n<ul>\n<li>Fr. Sidifredo de la Cruz CHAPARRO GUALDR\u00d3N<\/li>\n<\/ul>\n<\/li>\n<li><strong>Finansowanie:<\/strong>\n<ul>\n<li>\u20ac 15.000,00 \u2013 prowincja hiszpa\u0144ska<\/li>\n<li>3.000 USD \u2013 prowincja meksyka\u0144ska<\/li>\n<\/ul>\n<\/li>\n<li><strong>Fundusz humanitarny: <\/strong>zbi\u00f3rka funduszy otwarta<\/li>\n<li><strong>Przeznaczenie zebranych \u015brodk\u00f3w: <\/strong>zakup materia\u0142\u00f3w niezb\u0119dnych do odbudowy dach\u00f3w w domach najubo\u017cszych rodzin poszkodowanych w wyniku trz\u0119sienia ziemi oraz wsparcie dzia\u0142a\u0144 pomocowych prowadzonych przez braci.<\/li>\n<\/ul>\n<hr>\n<p><strong><u>Spos\u00f3b wsparcia projektu<\/u><\/strong><\/p>\n<p>Istnieje mo\u017cliwo\u015b\u0107 wsparcia Projektu nr 41\/2026 \u2013 \u201e<strong>Pom\u00f3\u017c nam pomaga\u0107: pilna pro\u015bba o pomoc humanitarn\u0105 dla os\u00f3b dotkni\u0119tych trz\u0119sieniem ziemi<\/strong>\u201d poprzez wp\u0142at\u0119 darowizny, wpisuj\u0105c w tytule przelewu numer oraz tytu\u0142 projektu.<\/p>\n<ul>\n<li><strong>W\u0142a\u015bciciel konta:<\/strong> CURIA GENERALIZIA DEI FRATI MINORI CONVENTUALI<\/li>\n<li><strong>Bank: <\/strong>UniCredit S.p.A.<\/li>\n<li><strong>IBAN:<\/strong> IT66B0200805074000005259514<\/li>\n<li><strong>BIC \/ SWIFT:<\/strong> UNCRITM1Y82<\/li>\n<li><strong>Tytu\u0142 wp\u0142aty:<\/strong> Progetto n. 41\/2026 \u2013 Emergenza umanitaria a seguito del sisma in Colombia<\/li>\n<\/ul>\n<hr>\n<div style=\"background-color: yellow; padding: 20px;\"><strong>Je\u015bli osoba, instytucja lub prowincja Zakonu Braci Mniejszych Konwentualnych pragnie wesprze\u0107 projekt finansowo \u2013 zar\u00f3wno cz\u0119\u015bciowo, jak i pokrywaj\u0105c ca\u0142o\u015b\u0107 koszt\u00f3w \u2013 lub potrzebuje dodatkowych informacji lub wyja\u015bnie\u0144, mo\u017ce skontaktowa\u0107 si\u0119 z biurem ds. projekt\u00f3w, a konkretnie z jego koordynatorem fr. Valerio FOLLI: <a href=\"mailto:pro@ofmconv.net\">pro@ofmconv.net<\/a><\/strong><strong>.<\/strong><\/div>\n<hr>\n<p><strong><u>Informacja dotycz\u0105ca darowizn<\/u><\/strong><\/p>\n<p>Podane dane bankowe s\u0142u\u017c\u0105 wy\u0142\u0105cznie do wspierania, poprzez dobrowolne datki, projekt\u00f3w promowanych przez Zakon Braci Mniejszych Konwentualnych.<br \/>\nPodanie numeru IBAN umo\u017cliwia wy\u0142\u0105cznie dokonywanie wp\u0142at i w \u017cadnym wypadku nie upowa\u017cnia do dokonywania wyp\u0142at ani dost\u0119pu do konta.<br \/>\nProsimy o podanie w tytule przelewu numeru i nazwy wspieranego projektu, aby u\u0142atwi\u0107 prawid\u0142owe przeznaczenie darowizn i przejrzyste zarz\u0105dzanie \u015brodkami.<br \/>\nKa\u017cda darowizna jest przyjmowana jako znak uczestnictwa i wsp\u00f3\u0142odpowiedzialno\u015bci w misji Zakonu; jakiekolwiek wykorzystanie danych bankowych poza oficjalnymi kana\u0142ami nie mo\u017ce by\u0107 przypisywane Zakonowi.<\/p>\n<p style=\"text-align: right;\">Biuro ds. projekt\u00f3w<\/p>\n<hr>\nngg_shortcode_0_placeholder\n","protected":false},"excerpt":{"rendered":"<p>Projekt nr 41\/2026 \u2013 Kryzys humanitarny po trz\u0119sieniu ziemi w Kolumbii Kustodia prowincjalna \u015bw. Franciszka z Asy\u017cu w Kolumbii Zakonu Braci Mniejszych Konwentualnych przedstawia Projekt nr 41\/2026 pod has\u0142em \u201ePom\u00f3\u017c nam pomaga\u0107: pilna pro\u015bba o pomoc humanitarn\u0105 dla os\u00f3b dotkni\u0119tych trz\u0119sieniem ziemi\u201d. Inicjatywa ma na celu wsparcie rodzin, kt\u00f3re najbardziej ucierpia\u0142y w wyniku kataklizmu z [&hellip;]<\/p>\n","protected":false},"author":1,"featured_media":103019,"comment_status":"closed","ping_status":"open","sticky":false,"template":"","format":"standard","meta":{"ngg_post_thumbnail":0,"footnotes":""},"categories":[5016,5258,134,149],"tags":[1138],"class_list":["post-103023","post","type-post","status-publish","format-standard","has-post-thumbnail","category-biuro-ds-projektow","category-trwajace","category-urzedy-generalne","category-wiadomosci","tag-kolumbia"],"_links":{"self":[{"href":"https:\/\/www.ofmconv.net\/pl\/wp-json\/wp\/v2\/posts\/103023","targetHints":{"allow":["GET"]}}],"collection":[{"href":"https:\/\/www.ofmconv.net\/pl\/wp-json\/wp\/v2\/posts"}],"about":[{"href":"https:\/\/www.ofmconv.net\/pl\/wp-json\/wp\/v2\/types\/post"}],"author":[{"embeddable":true,"href":"https:\/\/www.ofmconv.net\/pl\/wp-json\/wp\/v2\/users\/1"}],"replies":[{"embeddable":true,"href":"https:\/\/www.ofmconv.net\/pl\/wp-json\/wp\/v2\/comments?post=103023"}],"version-history":[{"count":2,"href":"https:\/\/www.ofmconv.net\/pl\/wp-json\/wp\/v2\/posts\/103023\/revisions"}],"predecessor-version":[{"id":103028,"href":"https:\/\/www.ofmconv.net\/pl\/wp-json\/wp\/v2\/posts\/103023\/revisions\/103028"}],"wp:featuredmedia":[{"embeddable":true,"href":"https:\/\/www.ofmconv.net\/pl\/wp-json\/wp\/v2\/media\/103019"}],"wp:attachment":[{"href":"https:\/\/www.ofmconv.net\/pl\/wp-json\/wp\/v2\/media?parent=103023"}],"wp:term":[{"taxonomy":"category","embeddable":true,"href":"https:\/\/www.ofmconv.net\/pl\/wp-json\/wp\/v2\/categories?post=103023"},{"taxonomy":"post_tag","embeddable":true,"href":"https:\/\/www.ofmconv.net\/pl\/wp-json\/wp\/v2\/tags?post=103023"}],"curies":[{"name":"wp","href":"https:\/\/api.w.org\/{rel}","templated":true}]}}