{"id":10566,"date":"2018-10-19T15:28:19","date_gmt":"2018-10-19T13:28:19","guid":{"rendered":"https:\/\/ofmconv.net\/russia-visita-fraterna\/"},"modified":"2018-10-19T15:32:43","modified_gmt":"2018-10-19T13:32:43","slug":"russia-visita-fraterna","status":"publish","type":"post","link":"https:\/\/www.ofmconv.net\/pl\/russia-visita-fraterna\/","title":{"rendered":"Rosja: wizyta braterska"},"content":{"rendered":"<p><strong>W dniach 5-8 pa\u017adziernika 2018 roku asystent generalny FEMO odwiedzi\u0142 Rosj\u0119.<\/strong><\/p>\n<p>W Moskwie, stolicy kraju, fr. Jacek CIUPI\u0143SKI spotka\u0142 si\u0119 z kustoszem Kustodii generalnej \u015bw. Franciszka z Asy\u017cu w Rosji fr. Dariuszem HARASIMOWICZEM i z jego rad\u0105.<br \/>\nZasadniczym tematem rozm\u00f3w by\u0142a kwestia realizacji niekt\u00f3rych projekt\u00f3w przyj\u0119tych podczas kapitu\u0142y kustodialnej zwyczajnej, kt\u00f3ra odby\u0142a si\u0119 z na pocz\u0105tku wrze\u015bnia br.<br \/>\nPodczas wizyty asystent generalny wraz z zarz\u0105dem kustodii mieli mo\u017cliwo\u015b\u0107 uczestniczenia w \u015bwi\u0119cie patronalnym parafii w Ka\u0142udze, gdzie franciszkanie sprawuj\u0105 opiek\u0119 duszpastersk\u0105, mocno wspierani przez siostry Franciszkanki Misjonarki z Asy\u017cu.<br \/>\nW sk\u0142ad FEMO (Foederatio Europae Mediae et Orientalis \u2013 Federacja Europy \u015arodkowej i Wschodniej) opr\u00f3cz kustodii rosyjskiej wchodz\u0105 jurysdykcje z Bia\u0142orusi, Bu\u0142garii, Czech, Kazachstanu, Litwy, Polski, S\u0142owacji, Ukrainy, Uzbekistanu i W\u0119gier.<\/p>\n<p style=\"text-align: right;\">Fr. Jacek CIUPI\u0143SKI, asystent generalny FEMO<\/p>\nngg_shortcode_0_placeholder\n","protected":false},"excerpt":{"rendered":"<p>W dniach 5-8 pa\u017adziernika 2018 roku asystent generalny FEMO odwiedzi\u0142 Rosj\u0119. W Moskwie, stolicy kraju, fr. Jacek CIUPI\u0143SKI spotka\u0142 si\u0119 z kustoszem Kustodii generalnej \u015bw. Franciszka z Asy\u017cu w Rosji fr. Dariuszem HARASIMOWICZEM i z jego rad\u0105. Zasadniczym tematem rozm\u00f3w by\u0142a kwestia realizacji niekt\u00f3rych projekt\u00f3w przyj\u0119tych podczas kapitu\u0142y kustodialnej zwyczajnej, kt\u00f3ra odby\u0142a si\u0119 z na [&hellip;]<\/p>\n","protected":false},"author":1,"featured_media":10560,"comment_status":"closed","ping_status":"open","sticky":false,"template":"","format":"standard","meta":{"ngg_post_thumbnail":0,"footnotes":""},"categories":[131,113,149],"tags":[794,1215,967,221],"class_list":["post-10566","post","type-post","status-publish","format-standard","has-post-thumbnail","category-federacje","category-femo-pl","category-wiadomosci","tag-rosja","tag-russia-en-pl","tag-visita-pl","tag-wizyta"],"_links":{"self":[{"href":"https:\/\/www.ofmconv.net\/pl\/wp-json\/wp\/v2\/posts\/10566","targetHints":{"allow":["GET"]}}],"collection":[{"href":"https:\/\/www.ofmconv.net\/pl\/wp-json\/wp\/v2\/posts"}],"about":[{"href":"https:\/\/www.ofmconv.net\/pl\/wp-json\/wp\/v2\/types\/post"}],"author":[{"embeddable":true,"href":"https:\/\/www.ofmconv.net\/pl\/wp-json\/wp\/v2\/users\/1"}],"replies":[{"embeddable":true,"href":"https:\/\/www.ofmconv.net\/pl\/wp-json\/wp\/v2\/comments?post=10566"}],"version-history":[{"count":0,"href":"https:\/\/www.ofmconv.net\/pl\/wp-json\/wp\/v2\/posts\/10566\/revisions"}],"wp:featuredmedia":[{"embeddable":true,"href":"https:\/\/www.ofmconv.net\/pl\/wp-json\/wp\/v2\/media\/10560"}],"wp:attachment":[{"href":"https:\/\/www.ofmconv.net\/pl\/wp-json\/wp\/v2\/media?parent=10566"}],"wp:term":[{"taxonomy":"category","embeddable":true,"href":"https:\/\/www.ofmconv.net\/pl\/wp-json\/wp\/v2\/categories?post=10566"},{"taxonomy":"post_tag","embeddable":true,"href":"https:\/\/www.ofmconv.net\/pl\/wp-json\/wp\/v2\/tags?post=10566"}],"curies":[{"name":"wp","href":"https:\/\/api.w.org\/{rel}","templated":true}]}}