{"id":11152,"date":"2018-10-29T18:55:14","date_gmt":"2018-10-29T17:55:14","guid":{"rendered":"https:\/\/ofmconv.net\/libano-e-turchia-animazione-missionaria\/"},"modified":"2018-10-29T19:00:09","modified_gmt":"2018-10-29T18:00:09","slug":"libano-e-turchia-animazione-missionaria","status":"publish","type":"post","link":"https:\/\/www.ofmconv.net\/pl\/libano-e-turchia-animazione-missionaria\/","title":{"rendered":"Liban i Turcja: animacja misyjna"},"content":{"rendered":"<p><strong>W dniach 24-28 pa\u017adziernika 2018 roku sekretarz generalny ds. animacji misyjnej (SGAM) odwiedzi\u0142 franciszka\u0144skie klasztory w Libanie i Turcji.<\/strong><\/p>\n<p>Fr. Jaros\u0142aw WYSOCZA\u0143SKI skupi\u0142 si\u0119 na zagadnieniach zwi\u0105zanych z projektem formacyjnym \u201eMisja razem\u201d na temat duchowo\u015bci misyjnej i sytuacji misji Braci Mniejszych Konwentualnych. Nie zabrak\u0142o tak\u017ce moment\u00f3w podzielenia si\u0119 informacjami na temat b\u0142ogos\u0142awionych m\u0119czennik\u00f3w Zakonu, czyli o fr. Michale TOMASZKU i fr. Zbigniewie STRZA\u0141KOWSKIM.<br \/>\nSekretarz SGAM odwiedzi\u0142 kilka wsp\u00f3lnot: Bejrut (Liban), gdzie obecnie mieszka siedmiu braci; Zahle (Liban) \u2013 jest tu wsp\u00f3lnota formacyjna, o\u015brodek powo\u0142a\u0144 i postulat, gdzie w tej chwili obecnych jest dw\u00f3ch braci i jeden kandydat; Istambu\u0142 (Turcja), gdzie mieszka i pracuje siedmiu braci.<br \/>\nFranciszkanie w Libanie i Turcji podejmuj\u0105 wiele inicjatyw: pracuj\u0105 z osobami starszymi i m\u0142odzie\u017c\u0105 na polu dialogu mi\u0119dzyreligijnego, poza tym ofiaruj\u0105 wsparcie ubogim i uchod\u017acom. Nasze ko\u015bcio\u0142y ka\u017cdego dnia gromadz\u0105 wiernych na modlitwie i otaczaj\u0105 opiek\u0105 duszpastersk\u0105 r\u00f3\u017cne wsp\u00f3lnoty. Stawiaj\u0105 tak\u017ce solidne fundamenty, na kt\u00f3rych mo\u017cna budowa\u0107 pluralistyczn\u0105, demokratyczn\u0105 spo\u0142eczno\u015b\u0107. Inwestuj\u0105 w kultur\u0119 poprzez spotkania z innymi, otwieraj\u0105c drogi pokoju i go\u015bcinno\u015bci, nikogo nie wykluczaj\u0105c.<br \/>\n28 pa\u017adziernika w Stambule i Adampolu (Turcja), w \u0142\u0105czno\u015bci z ca\u0142ym Ko\u015bcio\u0142em powszechnym, modlono si\u0119 za prze\u015bladowanych chrze\u015bcijan.<\/p>\n<p style=\"text-align: right;\">fr. Jaros\u0142aw WYSOCZA\u0143SKI, sekretarz generalny SGAM<\/p>\nngg_shortcode_0_placeholder\n","protected":false},"excerpt":{"rendered":"<p>W dniach 24-28 pa\u017adziernika 2018 roku sekretarz generalny ds. animacji misyjnej (SGAM) odwiedzi\u0142 franciszka\u0144skie klasztory w Libanie i Turcji. Fr. Jaros\u0142aw WYSOCZA\u0143SKI skupi\u0142 si\u0119 na zagadnieniach zwi\u0105zanych z projektem formacyjnym \u201eMisja razem\u201d na temat duchowo\u015bci misyjnej i sytuacji misji Braci Mniejszych Konwentualnych. Nie zabrak\u0142o tak\u017ce moment\u00f3w podzielenia si\u0119 informacjami na temat b\u0142ogos\u0142awionych m\u0119czennik\u00f3w Zakonu, czyli [&hellip;]<\/p>\n","protected":false},"author":1,"featured_media":11146,"comment_status":"closed","ping_status":"open","sticky":false,"template":"","format":"standard","meta":{"ngg_post_thumbnail":0,"footnotes":""},"categories":[130,134,149],"tags":[710,1348,1726,1349],"class_list":["post-11152","post","type-post","status-publish","format-standard","has-post-thumbnail","category-sgam-pl","category-urzedy-generalne","category-wiadomosci","tag-animacja-misyjna","tag-liban","tag-libano-pl","tag-turcja"],"_links":{"self":[{"href":"https:\/\/www.ofmconv.net\/pl\/wp-json\/wp\/v2\/posts\/11152","targetHints":{"allow":["GET"]}}],"collection":[{"href":"https:\/\/www.ofmconv.net\/pl\/wp-json\/wp\/v2\/posts"}],"about":[{"href":"https:\/\/www.ofmconv.net\/pl\/wp-json\/wp\/v2\/types\/post"}],"author":[{"embeddable":true,"href":"https:\/\/www.ofmconv.net\/pl\/wp-json\/wp\/v2\/users\/1"}],"replies":[{"embeddable":true,"href":"https:\/\/www.ofmconv.net\/pl\/wp-json\/wp\/v2\/comments?post=11152"}],"version-history":[{"count":0,"href":"https:\/\/www.ofmconv.net\/pl\/wp-json\/wp\/v2\/posts\/11152\/revisions"}],"wp:featuredmedia":[{"embeddable":true,"href":"https:\/\/www.ofmconv.net\/pl\/wp-json\/wp\/v2\/media\/11146"}],"wp:attachment":[{"href":"https:\/\/www.ofmconv.net\/pl\/wp-json\/wp\/v2\/media?parent=11152"}],"wp:term":[{"taxonomy":"category","embeddable":true,"href":"https:\/\/www.ofmconv.net\/pl\/wp-json\/wp\/v2\/categories?post=11152"},{"taxonomy":"post_tag","embeddable":true,"href":"https:\/\/www.ofmconv.net\/pl\/wp-json\/wp\/v2\/tags?post=11152"}],"curies":[{"name":"wp","href":"https:\/\/api.w.org\/{rel}","templated":true}]}}