{"id":12246,"date":"2018-12-03T14:49:51","date_gmt":"2018-12-03T13:49:51","guid":{"rendered":"https:\/\/ofmconv.net\/napoli-capitolo-provinciale-straordinario\/"},"modified":"2018-12-03T14:57:53","modified_gmt":"2018-12-03T13:57:53","slug":"napoli-capitolo-provinciale-straordinario","status":"publish","type":"post","link":"https:\/\/www.ofmconv.net\/pl\/napoli-capitolo-provinciale-straordinario\/","title":{"rendered":"Neapol: Kapitu\u0142a prowincjalna nadzwyczajna"},"content":{"rendered":"<p><strong>Wezwania autorstwa Serafickiego Ojca rozpocz\u0119\u0142y liturgi\u0119 otwarcia Kapitu\u0142y nadzwyczajnej Prowincji Serafickiego Ojca \u015bw. Franciszka we W\u0142oszech (Neapol). Obrady, w dniach 14-16 listopada 2018 roku, by\u0142y realizacj\u0105 wniosku Kapitu\u0142y prowincjalnej zwyczajnej, kt\u00f3ra odby\u0142a si\u0119 w lipcu br. w Paestum. Kapitu\u0142a odby\u0142a si\u0119 pod has\u0142em \u201ePie\u015b\u0144 now\u0105 \u015bpiewajcie Panu, wszystkie krainy\u201d<\/strong><\/p>\n<p>Zainteresowanie zakonu losami prowincji wyra\u017ca\u0142a obecno\u015b\u0107 Ministra generalnego fr. Marco TASCA, prokuratora generalnego fr. Maurizio DI PAOLO oraz asystenta generalnego FIMP fr. Joaqu\u00ecn AGESTA CUEVAS.<br \/>\nKapitu\u0142a by\u0142a do\u015bwiadczeniem braterskiej wsp\u00f3lnoty, prze\u017cywanym w klimacie modlitwy liturgicznej, pracy w grupach roboczych, wsp\u00f3lnych posi\u0142k\u00f3w i czasu odpoczynku, ale tak\u017ce w ramach kolegialno\u015bci formu\u0142owanych i przyj\u0119tych propozycji, kt\u00f3re ukierunkowuj\u0105 przysz\u0142o\u015b\u0107 prowincji.<br \/>\nSprawozdanie wprowadzaj\u0105ce, zaprezentowane przez ministra prowincjalnego fr. Cosimo ANTONINO, dostarczy\u0142o bardzo po\u017cytecznego materia\u0142u dla ojc\u00f3w kapitulnych, przedstawiaj\u0105c: dzie\u0142a prowincji (Radio \u201eKolbe\u201d, Centrum liturgiczne, czasopisma), kryteria rozeznawania (\u017cycie braterskie, duszpasterstwo, historia, dziedzictwo, plany) oraz projekty do wzmacniania i realizowania jako wsp\u00f3lnota prowincjalna.<br \/>\nW\u015br\u00f3d projekt\u00f3w znalaz\u0142y si\u0119: o\u015brodek \u2013 ewangelizacyjny w Benevento, duszpasterstwa m\u0142odzie\u017cy w Montella, kulturowy w San Lorenzo, animacji powo\u0142aniowej i formacji w Nocera, duchowo\u015bci w Ravello. Szczeg\u00f3lny nacisk b\u0119dzie po\u0142o\u017cony na animacje parafialn\u0105 przy klasztorze Niepokalanej w Vomero i w \u201eDomu Caritas\u201d przy Ma\u0142ej Pompei. Zostan\u0105 te\u017c uwzgl\u0119dnione wskazania zawarte w nowych Konstytucjach zakonu: animacja maryjno-kolbia\u0144ska (prawdopodobnie we wsp\u00f3\u0142pracy z Misjonarkami Niepokalanej Ojca Kolbe, kt\u00f3re odchodz\u0105 z domu w Mondragone, zamierzaj\u0105 pozosta\u0107 w Kampanii).<br \/>\nWnioski podsumowuj\u0105ce, poddane dyskusji i zatwierdzone, dotycz\u0105: 1) w ramach \u201enowej ewangelizacji\u201d utworzy\u0107 w Benevento o\u015brodek, kt\u00f3ry b\u0119dzie zarz\u0105dza\u0142 centrum liturgicznym i mia\u0142 do dyspozycji wszelkie potrzebne narz\u0119dzia, takie jak czasopism, radio i inne; 2) rozw\u00f3j dzie\u0142a prowincji przy Ma\u0142ej Pompei, jako \u201eDom caritas\u201d, w ramach pomocy rodzicom ma\u0142ych dzieci przebywaj\u0105cych w szpitalu (\u201eSantobono\u201d) udzielaj\u0105c im go\u015bcinno\u015bci, bo takiej potrzebuj\u0105.<br \/>\nJe\u015bli chodzi o praktyczn\u0105 realizacj\u0119 wniosk\u00f3w, kapitu\u0142a zdecydowa\u0142a udzieli\u0107 mandatu prowincja\u0142owi i jego definitorium, z mo\u017cliwo\u015bci\u0105 zmiany obsady personalnej klasztor\u00f3w, w zale\u017cno\u015bci od zaistnia\u0142ych sytuacji, a tak\u017ce \u2013 je\u015bli to b\u0119dzie konieczne \u2013 do zamkni\u0119cia niekt\u00f3rych klasztor\u00f3w.<br \/>\nW\u015br\u00f3d innych informacji szczeg\u00f3lnym zainteresowaniem cieszy\u0142y si\u0119: film przygotowany przez fr. Paolo GALANTE dotycz\u0105cy dzia\u0142alno\u015bci w Montella (AV), kt\u00f3ra sta\u0142a si\u0119 faktycznie \u201eWysp\u0105 franciszka\u0144sk\u0105\u201d; szczeg\u00f3\u0142owa relacja fr. Giuseppe CAPPELLO z dzia\u0142alno\u015bci Radio Kolbe (\u201eInne radio\u201d); inspiruj\u0105ce inicjatywy \u201eIn\u2026 canto\u201d zaprezentowane przez fr. Gennaro BECCHIMANZI.<br \/>\nObrady kapitu\u0142y zako\u0144czy\u0142a wsp\u00f3lna fotografia.<\/p>\n<p style=\"text-align: right;\">Friar Joaqu\u00ecn AGESTA CUEVAS<\/p>\nngg_shortcode_0_placeholder\n","protected":false},"excerpt":{"rendered":"<p>Wezwania autorstwa Serafickiego Ojca rozpocz\u0119\u0142y liturgi\u0119 otwarcia Kapitu\u0142y nadzwyczajnej Prowincji Serafickiego Ojca \u015bw. Franciszka we W\u0142oszech (Neapol). Obrady, w dniach 14-16 listopada 2018 roku, by\u0142y realizacj\u0105 wniosku Kapitu\u0142y prowincjalnej zwyczajnej, kt\u00f3ra odby\u0142a si\u0119 w lipcu br. w Paestum. Kapitu\u0142a odby\u0142a si\u0119 pod has\u0142em \u201ePie\u015b\u0144 now\u0105 \u015bpiewajcie Panu, wszystkie krainy\u201d Zainteresowanie zakonu losami prowincji wyra\u017ca\u0142a obecno\u015b\u0107 [&hellip;]<\/p>\n","protected":false},"author":1,"featured_media":12240,"comment_status":"closed","ping_status":"open","sticky":false,"template":"","format":"standard","meta":{"ngg_post_thumbnail":0,"footnotes":""},"categories":[131,118,140,149],"tags":[1057,1246,1961,193,696,1440],"class_list":["post-12246","post","type-post","status-publish","format-standard","has-post-thumbnail","category-federacje","category-fimp-pl","category-sekretariat-generalny","category-wiadomosci","tag-capitolo-pl","tag-italia-pl","tag-italia-napoli-pl","tag-kapitula","tag-wlochy","tag-wlochy-neapol"],"_links":{"self":[{"href":"https:\/\/www.ofmconv.net\/pl\/wp-json\/wp\/v2\/posts\/12246","targetHints":{"allow":["GET"]}}],"collection":[{"href":"https:\/\/www.ofmconv.net\/pl\/wp-json\/wp\/v2\/posts"}],"about":[{"href":"https:\/\/www.ofmconv.net\/pl\/wp-json\/wp\/v2\/types\/post"}],"author":[{"embeddable":true,"href":"https:\/\/www.ofmconv.net\/pl\/wp-json\/wp\/v2\/users\/1"}],"replies":[{"embeddable":true,"href":"https:\/\/www.ofmconv.net\/pl\/wp-json\/wp\/v2\/comments?post=12246"}],"version-history":[{"count":0,"href":"https:\/\/www.ofmconv.net\/pl\/wp-json\/wp\/v2\/posts\/12246\/revisions"}],"wp:featuredmedia":[{"embeddable":true,"href":"https:\/\/www.ofmconv.net\/pl\/wp-json\/wp\/v2\/media\/12240"}],"wp:attachment":[{"href":"https:\/\/www.ofmconv.net\/pl\/wp-json\/wp\/v2\/media?parent=12246"}],"wp:term":[{"taxonomy":"category","embeddable":true,"href":"https:\/\/www.ofmconv.net\/pl\/wp-json\/wp\/v2\/categories?post=12246"},{"taxonomy":"post_tag","embeddable":true,"href":"https:\/\/www.ofmconv.net\/pl\/wp-json\/wp\/v2\/tags?post=12246"}],"curies":[{"name":"wp","href":"https:\/\/api.w.org\/{rel}","templated":true}]}}