{"id":12860,"date":"2018-12-31T15:49:56","date_gmt":"2018-12-31T14:49:56","guid":{"rendered":"https:\/\/ofmconv.net\/castrovillari-iv-centenario-della-morte-di-fra-gesualdi\/"},"modified":"2019-01-02T17:56:07","modified_gmt":"2019-01-02T16:56:07","slug":"castrovillari-iv-centenario-della-morte-di-fra-gesualdi","status":"publish","type":"post","link":"https:\/\/www.ofmconv.net\/pl\/castrovillari-iv-centenario-della-morte-di-fra-gesualdi\/","title":{"rendered":"Castrovillari: 400 lat od \u015bmierci Fr. Gesualdi"},"content":{"rendered":"<p><strong>W niedziel\u0119 16 grudnia 2018 roku wsp\u00f3lnota franciszka\u0144ska w Castrovillari, klasztorze Kustodii prowincjalnej \u015bwi\u0119tych Daniela i Towarzyszy M\u0119czennik\u00f3w we W\u0142oszech (Kalabria), wspomina\u0142a fr. Filippo GELUALDI w 400 lat od jego \u015bmierci.<\/strong><\/p>\n<p>Zakonnicy uczestniczyli w Eucharystii, kt\u00f3rej przewodniczy\u0142 biskup Cassano all\u2019Jonio J.Eksc. Francesco SAVINO. Liturgi\u0119 rozpocz\u0119\u0142o przypomnienie najwa\u017cniejszych etap\u00f3w \u017cycia i dzia\u0142alno\u015bci fr. Filippo z zakonu Braci Mniejszych Konwentualnych.<br \/>\nUrodzi\u0142 si\u0119 w Castrovillari 23 lutego 1550 roku. Do zakonu wst\u0105pi\u0142 w swoim rodzinnym mie\u015bcie. Po nowicjacie kontynuowa\u0142 formacj\u0119 w Rzymie, Padwie i Treviso. W 1573 roku w Padwie zosta\u0142 wy\u015bwi\u0119cony na kap\u0142ana. Po\u015bwi\u0119ci\u0142 si\u0119 nauczaniu w r\u00f3\u017cnych o\u015brodkach zakonu oraz dzia\u0142alno\u015bci kaznodziejskiej. W 1591 roku zosta\u0142 wybrany ministrem prowincjalnym Kalabrii. Okaza\u0142 si\u0119 doskona\u0142ym zarz\u0105dc\u0105, podziela\u0142 idea\u0142y reformy, surowej duchowo\u015bci i skromno\u015bci \u017cycia.<br \/>\nW 1593 roku zostaje ministrem generalnym zakonu. W porozumieniu z papie\u017cem Klemensem VIII dokonuje reformy zakonu, rozpoczynaj\u0105c od formacji pocz\u0105tkowej, duchowej, teologicznej i pobo\u017cno\u015bciowej. Zni\u00f3s\u0142 derogacje w praktykowaniu \u017cycia wsp\u00f3lnotowego i w zachowaniu ub\u00f3stwa, chroni\u0105c w ten spos\u00f3b rodzin\u0119 konwentualn\u0105 od kolejnych podzia\u0142\u00f3w.<br \/>\n15 kwietnia 1602 roku, pod koniec pos\u0142ugi genera\u0142a (trwaj\u0105cej 3 kadencje), zosta\u0142 wyniesiony do godno\u015bci biskupiej. Powierzona mu zosta\u0142a diecezja Cariati i Cerezia, jedna z najubo\u017cszych w Kalabrii. Obj\u0105\u0142 j\u0105 z i\u015bcie franciszka\u0144skim ub\u00f3stwem i przy s\u0142abym stanie zdrowia. Naucza\u0142 doktryny chrze\u015bcija\u0144skiej i osobi\u015bcie pos\u0142ugiwa\u0142 w sakramencie spowiedzi. Ustanowi\u0142 bractwa \u015bwieckie, po\u015bwi\u0119ci\u0142 si\u0119 misjom ludowym i stworzy\u0142 szpitale dla ubogich.<br \/>\nZmar\u0142 12 grudnia 1618 roku w Cariati (Cosenza, W\u0142ochy) w opinii \u015bwi\u0119to\u015bci. Zosta\u0142 pochowany w katedrze w prostym grobie. Bardzo szybko przylgn\u0119\u0142o do niego okre\u015blenie \u201eb\u0142ogos\u0142awiony\u201d. Niestety, podczas XVII-wiecznych prac restauracyjnych w ko\u015bciele katedralnym bezpowrotnie zniszczono \u015blady jego grobu. W ten spos\u00f3b przyczyniono si\u0119 do puszczenia w niepami\u0119\u0107 postaci jednego z najbardziej interesuj\u0105cych przedstawicieli reformy katolicko-trydenckiej historii zakon\u00f3w.<\/p>\n<p style=\"text-align: right;\">Z sekretariatu kustodii<\/p>\n","protected":false},"excerpt":{"rendered":"<p>W niedziel\u0119 16 grudnia 2018 roku wsp\u00f3lnota franciszka\u0144ska w Castrovillari, klasztorze Kustodii prowincjalnej \u015bwi\u0119tych Daniela i Towarzyszy M\u0119czennik\u00f3w we W\u0142oszech (Kalabria), wspomina\u0142a fr. Filippo GELUALDI w 400 lat od jego \u015bmierci. Zakonnicy uczestniczyli w Eucharystii, kt\u00f3rej przewodniczy\u0142 biskup Cassano all\u2019Jonio J.Eksc. Francesco SAVINO. Liturgi\u0119 rozpocz\u0119\u0142o przypomnienie najwa\u017cniejszych etap\u00f3w \u017cycia i dzia\u0142alno\u015bci fr. Filippo z zakonu [&hellip;]<\/p>\n","protected":false},"author":1,"featured_media":12854,"comment_status":"closed","ping_status":"open","sticky":false,"template":"","format":"standard","meta":{"ngg_post_thumbnail":0,"footnotes":""},"categories":[131,118,149],"tags":[1511],"class_list":["post-12860","post","type-post","status-publish","format-standard","has-post-thumbnail","category-federacje","category-fimp-pl","category-wiadomosci","tag-wlochy-kialabria"],"_links":{"self":[{"href":"https:\/\/www.ofmconv.net\/pl\/wp-json\/wp\/v2\/posts\/12860","targetHints":{"allow":["GET"]}}],"collection":[{"href":"https:\/\/www.ofmconv.net\/pl\/wp-json\/wp\/v2\/posts"}],"about":[{"href":"https:\/\/www.ofmconv.net\/pl\/wp-json\/wp\/v2\/types\/post"}],"author":[{"embeddable":true,"href":"https:\/\/www.ofmconv.net\/pl\/wp-json\/wp\/v2\/users\/1"}],"replies":[{"embeddable":true,"href":"https:\/\/www.ofmconv.net\/pl\/wp-json\/wp\/v2\/comments?post=12860"}],"version-history":[{"count":0,"href":"https:\/\/www.ofmconv.net\/pl\/wp-json\/wp\/v2\/posts\/12860\/revisions"}],"wp:featuredmedia":[{"embeddable":true,"href":"https:\/\/www.ofmconv.net\/pl\/wp-json\/wp\/v2\/media\/12854"}],"wp:attachment":[{"href":"https:\/\/www.ofmconv.net\/pl\/wp-json\/wp\/v2\/media?parent=12860"}],"wp:term":[{"taxonomy":"category","embeddable":true,"href":"https:\/\/www.ofmconv.net\/pl\/wp-json\/wp\/v2\/categories?post=12860"},{"taxonomy":"post_tag","embeddable":true,"href":"https:\/\/www.ofmconv.net\/pl\/wp-json\/wp\/v2\/tags?post=12860"}],"curies":[{"name":"wp","href":"https:\/\/api.w.org\/{rel}","templated":true}]}}