{"id":13122,"date":"2019-01-23T14:56:38","date_gmt":"2019-01-23T13:56:38","guid":{"rendered":"https:\/\/ofmconv.net\/roma-incontro-dei-nuovi-ministri-custodi-e-segretari\/"},"modified":"2019-01-23T15:12:02","modified_gmt":"2019-01-23T14:12:02","slug":"roma-incontro-dei-nuovi-ministri-custodi-e-segretari","status":"publish","type":"post","link":"https:\/\/www.ofmconv.net\/pl\/roma-incontro-dei-nuovi-ministri-custodi-e-segretari\/","title":{"rendered":"Rzym: spotkanie nowych ministr\u00f3w, kustosz\u00f3w i sekretarzy"},"content":{"rendered":"<p><strong>W dniach 8-12 stycznia 2019 r. w klasztorze \u015awi\u0119tych Aposto\u0142\u00f3w odby\u0142o si\u0119 spotkanie nowych ministr\u00f3w prowincjalnych, kustosz\u00f3w i sekretarzy z Definitorium generalnym.<\/strong><\/p>\n<p>W spotkaniu wzi\u0119li udzia\u0142 ministrowie prowincjalni: fr. Gaspare LA BARBERA z Prowincji \u015bwi\u0119tych Agaty i \u0141ucji we W\u0142oszech (Sycylia), fr. Igor SALMI\u010c z Prowincji \u015bw. J\u00f3zefa w S\u0142owenii, fr. Victor ABEGG z Prowincji \u015bw. J\u00f3zefa z Kupertynu w USA, fr. Wayne HELLMANN z Prowincji NMP Pocieszycielki Strapionych w USA; kustosze: fr. Anton BULAI z Kustodii prowincjalnej Bliskiego Wschodu i Ziemi \u015awi\u0119tej, fr. Dariusz HARASIMOWICZ z Rosyjskiej Kustodii generalnej \u015bw. Franciszka z Asy\u017cu, fr. Giorgio TASSONE z Kustodii prowincjalnej \u015bwi\u0119tych Daniela i Towarzyszy m\u0119czennik\u00f3w we W\u0142oszech (Kalabria), fr. Jean-Francois AUCLAIR z Kustodii prowincjalnej \u015bw. Bonawentury we Francji i Belgii; sekretarze: fr. Danilo HOLC ze S\u0142owenii, fr. Joseph SZENK z Prowincji \u015bw. Bonawentury w USA, fr. Luca GURRERA z Sycylii, fr. Piotr KARNIALIUK z Rosji.<br \/>\nPo wprowadzeniu ministra generalnego fr. Marco TASCA, uczestnicy obejrzeli Power-Point przedstawiaj\u0105cy rol\u0119 asystenta generalnego i definitorium generalnego. Odby\u0142y si\u0119 r\u00f3wnie\u017c osobiste spotkania z osobami odpowiedzialnymi za sekretariaty i urz\u0119dy generalne, dyskusje nad nadzwyczajn\u0105 kapitu\u0142\u0105 generaln\u0105 w 2018 roku oraz rewizj\u0105 Statut\u00f3w generalnych, kt\u00f3re zostan\u0105 zatwierdzone podczas kapitu\u0142y generalnej zwyczajnej w 2019 roku.<br \/>\nPonadto mia\u0142y miejsce dyskusja na temat zarz\u0105dzania ekonomicznego w prowincjach i wsp\u00f3lnotach lokalnych oraz prezentacja podr\u0119cznika do kontakt\u00f3w pomi\u0119dzy Kuri\u0105 generaln\u0105 a prowincjami i kustodiami; konkretne przypadki wyja\u015bniali sekretarz generalny fr. Vincenzo MARCOLI i prokurator generalny fr. Maurizio DI PAOLO. By\u0142a te\u017c mo\u017cliwo\u015b\u0107 osobistego spotkania si\u0119 z ministrem generalnym i\/lub asystentem generalnym odpowiedzialnym za w\u0142asn\u0105 federacj\u0105; sekretarze prowincjalni spotkali si\u0119 z cz\u0142onkami sekretariatu generalnego.<br \/>\nUczestnicy docenili tak\u017ce wydarzenia towarzysz\u0105ce spotkaniu: wizyta w podziemiach bazyliki \u015bw. Piotra w Watykanie (wykopaliska archeologiczne i groby papie\u017cy); modlitw\u0105 w bazylice \u015bw. Bart\u0142omieja i sanktuarium m\u0119czennik\u00f3w XX i XXI wieku na wyspie tyberyjskiej; spotkania ze wsp\u00f3lnotami dom\u00f3w generalnych (klasztor \u015bw. Maksymiliana, klasztor \u015bw. Antoniego -\u201eVigna\u201d, kolegium Seraphicum, kolegium Penitencjarzy Watyka\u0144skich, klasztor XII Aposto\u0142\u00f3w, siedziba kurii generalnej).<br \/>\nSpotkanie zosta\u0142o pozytywnie ocenione przez wszystkich uczestnik\u00f3w, z nadziej\u0105, \u017ce ich s\u0142u\u017cba b\u0119dzie zawsze pe\u0142niona w rado\u015bci i z entuzjazmem ducha.<\/p>\n<p style=\"text-align: right;\">Sekretariat generalny<\/p>\nngg_shortcode_0_placeholder\n","protected":false},"excerpt":{"rendered":"<p>W dniach 8-12 stycznia 2019 r. w klasztorze \u015awi\u0119tych Aposto\u0142\u00f3w odby\u0142o si\u0119 spotkanie nowych ministr\u00f3w prowincjalnych, kustosz\u00f3w i sekretarzy z Definitorium generalnym. W spotkaniu wzi\u0119li udzia\u0142 ministrowie prowincjalni: fr. Gaspare LA BARBERA z Prowincji \u015bwi\u0119tych Agaty i \u0141ucji we W\u0142oszech (Sycylia), fr. Igor SALMI\u010c z Prowincji \u015bw. J\u00f3zefa w S\u0142owenii, fr. Victor ABEGG z Prowincji [&hellip;]<\/p>\n","protected":false},"author":1,"featured_media":13116,"comment_status":"closed","ping_status":"open","sticky":false,"template":"","format":"standard","meta":{"ngg_post_thumbnail":0,"footnotes":""},"categories":[140,149],"tags":[940,356,873,1355],"class_list":["post-13122","post","type-post","status-publish","format-standard","has-post-thumbnail","category-sekretariat-generalny","category-wiadomosci","tag-roma-pl","tag-rzym","tag-santi-xii-apostoli-pl","tag-swietych-xii-apostolow"],"_links":{"self":[{"href":"https:\/\/www.ofmconv.net\/pl\/wp-json\/wp\/v2\/posts\/13122","targetHints":{"allow":["GET"]}}],"collection":[{"href":"https:\/\/www.ofmconv.net\/pl\/wp-json\/wp\/v2\/posts"}],"about":[{"href":"https:\/\/www.ofmconv.net\/pl\/wp-json\/wp\/v2\/types\/post"}],"author":[{"embeddable":true,"href":"https:\/\/www.ofmconv.net\/pl\/wp-json\/wp\/v2\/users\/1"}],"replies":[{"embeddable":true,"href":"https:\/\/www.ofmconv.net\/pl\/wp-json\/wp\/v2\/comments?post=13122"}],"version-history":[{"count":0,"href":"https:\/\/www.ofmconv.net\/pl\/wp-json\/wp\/v2\/posts\/13122\/revisions"}],"wp:featuredmedia":[{"embeddable":true,"href":"https:\/\/www.ofmconv.net\/pl\/wp-json\/wp\/v2\/media\/13116"}],"wp:attachment":[{"href":"https:\/\/www.ofmconv.net\/pl\/wp-json\/wp\/v2\/media?parent=13122"}],"wp:term":[{"taxonomy":"category","embeddable":true,"href":"https:\/\/www.ofmconv.net\/pl\/wp-json\/wp\/v2\/categories?post=13122"},{"taxonomy":"post_tag","embeddable":true,"href":"https:\/\/www.ofmconv.net\/pl\/wp-json\/wp\/v2\/tags?post=13122"}],"curies":[{"name":"wp","href":"https:\/\/api.w.org\/{rel}","templated":true}]}}