{"id":13462,"date":"2019-02-19T08:57:21","date_gmt":"2019-02-19T07:57:21","guid":{"rendered":"https:\/\/ofmconv.net\/kazakhstan-visita-fraterna-3\/"},"modified":"2019-02-19T09:01:27","modified_gmt":"2019-02-19T08:01:27","slug":"kazakhstan-visita-fraterna-3","status":"publish","type":"post","link":"https:\/\/www.ofmconv.net\/pl\/kazakhstan-visita-fraterna-3\/","title":{"rendered":"Kazachstan: wizyta braterska"},"content":{"rendered":"<p><strong>W dniach od 31 stycznia do 4 lutego 2019 roku asystent generalny FEMO fr. Jacek CIUPI\u0143SKI i kustosz Rosyjskiej Kustodii generalnej \u015bw. Franciszka z Asy\u017cu fr. Dariusz HARASIMOWICZ udali si\u0119 wsp\u00f3lnie do Astany w Kazachstanie, z wizyt\u0105 bratersk\u0105 do braci pracuj\u0105cych w misji w Kazachstanie.<\/strong><\/p>\n<p>Zasadniczym celem odwiedzin by\u0142a dyskusja nad planowanym w\u0142\u0105czeniem tutejszej misji do kustodii generalnej w Rosji. Temat zosta\u0142 om\u00f3wiony zar\u00f3wno najpierw w gronie wsp\u00f3\u0142braci, a nast\u0119pnie podczas spotkania z Tomaszem PETA arcybiskupem Astany i Athanasiusem SCHNEIDER, biskupem pomocniczym tej\u017ce samej diecezji.<br \/>\nW czasie swojego pobytu odwiedzaj\u0105cy dzielili codzienne \u017cycie ze wsp\u00f3\u0142bra\u0107mi i wraz z nimi uczestniczyli w spotkaniu os\u00f3b konsekrowanych, kt\u00f3re odby\u0142o si\u0119 2 lutego w miejscowo\u015bci Szortandy, oko\u0142o 70 km od Astana. W trakcie spotkania asystent generalny FEMO (Foederatio Europae Mediae et Orientalis) wyg\u0142osi\u0142 okoliczno\u015bciow\u0105 konferencje, a kustosz wyg\u0142osi\u0142 homilie podczas mszy \u015bw. pod przewodnictwem arcybiskupa miejsca.<br \/>\nW niedziel\u0119 3 lutego, wizytuj\u0105cy odbyli szereg spotka\u0144 pastoralnych w parafii franciszka\u0144skiej.<\/p>\n<p style=\"text-align: right;\">Fr. Jacek CIUPI\u0143SKI, asystent generalny FEMO<\/p>\nngg_shortcode_0_placeholder\n","protected":false},"excerpt":{"rendered":"<p>W dniach od 31 stycznia do 4 lutego 2019 roku asystent generalny FEMO fr. Jacek CIUPI\u0143SKI i kustosz Rosyjskiej Kustodii generalnej \u015bw. Franciszka z Asy\u017cu fr. Dariusz HARASIMOWICZ udali si\u0119 wsp\u00f3lnie do Astany w Kazachstanie, z wizyt\u0105 bratersk\u0105 do braci pracuj\u0105cych w misji w Kazachstanie. Zasadniczym celem odwiedzin by\u0142a dyskusja nad planowanym w\u0142\u0105czeniem tutejszej misji [&hellip;]<\/p>\n","protected":false},"author":1,"featured_media":13456,"comment_status":"closed","ping_status":"open","sticky":false,"template":"","format":"standard","meta":{"ngg_post_thumbnail":0,"footnotes":""},"categories":[131,113,149],"tags":[1024,221],"class_list":["post-13462","post","type-post","status-publish","format-standard","has-post-thumbnail","category-federacje","category-femo-pl","category-wiadomosci","tag-kazachstan","tag-wizyta"],"_links":{"self":[{"href":"https:\/\/www.ofmconv.net\/pl\/wp-json\/wp\/v2\/posts\/13462","targetHints":{"allow":["GET"]}}],"collection":[{"href":"https:\/\/www.ofmconv.net\/pl\/wp-json\/wp\/v2\/posts"}],"about":[{"href":"https:\/\/www.ofmconv.net\/pl\/wp-json\/wp\/v2\/types\/post"}],"author":[{"embeddable":true,"href":"https:\/\/www.ofmconv.net\/pl\/wp-json\/wp\/v2\/users\/1"}],"replies":[{"embeddable":true,"href":"https:\/\/www.ofmconv.net\/pl\/wp-json\/wp\/v2\/comments?post=13462"}],"version-history":[{"count":0,"href":"https:\/\/www.ofmconv.net\/pl\/wp-json\/wp\/v2\/posts\/13462\/revisions"}],"wp:featuredmedia":[{"embeddable":true,"href":"https:\/\/www.ofmconv.net\/pl\/wp-json\/wp\/v2\/media\/13456"}],"wp:attachment":[{"href":"https:\/\/www.ofmconv.net\/pl\/wp-json\/wp\/v2\/media?parent=13462"}],"wp:term":[{"taxonomy":"category","embeddable":true,"href":"https:\/\/www.ofmconv.net\/pl\/wp-json\/wp\/v2\/categories?post=13462"},{"taxonomy":"post_tag","embeddable":true,"href":"https:\/\/www.ofmconv.net\/pl\/wp-json\/wp\/v2\/tags?post=13462"}],"curies":[{"name":"wp","href":"https:\/\/api.w.org\/{rel}","templated":true}]}}