{"id":13542,"date":"2019-02-20T09:56:21","date_gmt":"2019-02-20T08:56:21","guid":{"rendered":"https:\/\/ofmconv.net\/roma-xxx-assemblea-missionaria\/"},"modified":"2019-02-20T10:03:00","modified_gmt":"2019-02-20T09:03:00","slug":"roma-xxx-assemblea-missionaria","status":"publish","type":"post","link":"https:\/\/www.ofmconv.net\/pl\/roma-xxx-assemblea-missionaria\/","title":{"rendered":"Rzym: XXX spotkanie misyjne"},"content":{"rendered":"<p><strong>W dniach od 12 do 15 lutego 2019 roku w Mi\u0119dzynarodowym Kolegium Braci Mniejszych Konwentualnych \u201eSeraphicum\u201d w Rzymie, odby\u0142o si\u0119 XXX spotkanie misyjne federacji FIMP zatytu\u0142owane: \u201eO\u017cywieni Duchem\u2026 by o\u017cywia\u0107 misj\u0119\u201d. Organizatorem wydarzenia by\u0142o Franciszka\u0144skie Centrum Misyjne w Rzymie.<\/strong><\/p>\n<p>W spotkaniu uczestniczy\u0142o trzydziestu zakonnik\u00f3w, animator\u00f3w misyjnych, dwie siostry (Franciszkanki Misjonarki z Asy\u017cu) oraz dziesi\u0119ciu \u015bwieckich. Na spotkanie zostali zaproszeni animatorzy misyjni z polskich prowincji franciszka\u0144skich: fr. Dariusz GACZY\u0143SKI (Krak\u00f3w), fr. Robert KOZIELSKI (Gda\u0144sk) i fr. Eugeniusz R\u00d3\u017bA\u0143SKI (Warszawa). Ich obecno\u015b\u0107 by\u0142a cenna ze wzgl\u0119du na wymian\u0119 do\u015bwiadcze\u0144 misyjnych.<br \/>\nW ramach spotkania, kt\u00f3re odbywa\u0142o si\u0119 w przyjacielskiej atmosferze, dyskutowano o r\u00f3\u017cnych kwestiach formacyjnych oraz aspektach operacyjnych i praktycznych, kt\u00f3re wp\u0142ywaj\u0105 na spos\u00f3b animacji misyjnej: komunikacja z wykorzystaniem \u015brodk\u00f3w masowego przekazu; model organizacyjny niedzieli misyjnej; wsp\u00f3\u0142praca ze \u015bwieckimi i z m\u0142odzie\u017c\u0105.<br \/>\nUczestnicy wys\u0142uchali sze\u015bciu referat\u00f3w, w kt\u00f3rych om\u00f3wiono r\u00f3\u017cnorodne aspekty misyjne: \u201eDuch \u015awi\u0119ty animatorem misji\u201d(prof. Salvatore MARTINEZ, przewodnicz\u0105cy Ruchu Odnowy w Duchu \u015awi\u0119tym we W\u0142oszech); \u201eMisja zakonnik\u00f3w\u201d \u2013 m\u0105dro\u015bci\u0105 lektura IV rozdzia\u0142u odnowionych Konstytucji Zakonu (fr. Gianfranco GRIECO OFMConv, dziennikarz i pisarz); \u201eDialog, jako dziedzictwo spotkania \u015bw. Franciszka z su\u0142tanem\u201d (fr. Felice AUTIERI OFMConv, franciszkanista); \u201ewarsztaty formacyjne\u201d (p. Alex ZAPPAL\u00c0, ex-odpowiedzialna za \u201eMissio Giovani\u201d konferencji episkopatu W\u0142och); wideostory na temat 85 lat historii czasopisma \u201eIl Missionario Francescano\u201d (fr. Vittorio TRANI OFMConv, przez 20 lat wydawca tego\u017c pisma); \u201eDo\u015bwiadczenie franciszka\u0144skie podczas \u015awiatowych Dni M\u0142odzie\u017cy w Panamie\u201d (fr. Jaros\u0142aw WYSOCZA\u0143SKI OFMConv, sekretarz generalny ds. animacji misyjnej).<br \/>\nW spotkaniu uczestniczyli tak\u017ce: asystent generalny FIMP (Federazione Intermediterranea Ministri Provinciali) fr. Joaqu\u00edn \u00c1ngel AGESTA CUEVAS i minister prowincjalny Prowincji \u015bwi\u0119tych Miko\u0142aja i Anio\u0142a we W\u0142oszech (Apulia) fr. Vincenzo GIANNELLI, kt\u00f3ry podzieli\u0142 si\u0119 informacjami na temat trudnej, dramatycznej sytuacji w Wenezueli.<br \/>\nUczestnicy odwiedzili tak\u017ce o\u015brodek telewizyjny i rozg\u0142o\u015bni\u0119 radiow\u0105 (TV2000) konferencji episkopatu W\u0142och (CEI). Oprowadza\u0142 ich dyrektor dr Vincenzo MORGANTE, kt\u00f3ry na zako\u0144czenie tej wizyty podzieli\u0142 si\u0119 z go\u015b\u0107mi refleksj\u0105 nt.: \u201eJak by\u0107 misjonarzami w epoce komunikacji\u201d.<br \/>\nSpotkanie zako\u0144czy\u0142o wyst\u0105pienie fr. Paolo FIASCONARO OFMConv, kt\u00f3ry om\u00f3wi\u0142 dzia\u0142alno\u015b\u0107 centrum misyjnego i przekaza\u0142 informacje dotycz\u0105ce planowanych zmian w strukturze i organizacji ONLUS (organizacja po\u017cytku publicznego), kt\u00f3rej jest dyrektorem.<br \/>\nNagrania z konferencji dost\u0119pne s\u0105 na kanale YouTube (\u201eCanale Missioni\u201d)<br \/>\n[ <a href=\"https:\/\/www.youtube.com\/channel\/UCBjypscEEGGONUKIqKfNgwA\">https:\/\/www.youtube.com\/channel\/UCBjypscEEGGONUKIqKfNgwA<\/a> ].<\/p>\n<p style=\"text-align: right;\">Fr. Paolo FIASCONARO, dyrektor centrum misyjnego<br \/>\nLorenza CASSANELLI, sekretarz centrum misyjnego<\/p>\nngg_shortcode_0_placeholder\n","protected":false},"excerpt":{"rendered":"<p>W dniach od 12 do 15 lutego 2019 roku w Mi\u0119dzynarodowym Kolegium Braci Mniejszych Konwentualnych \u201eSeraphicum\u201d w Rzymie, odby\u0142o si\u0119 XXX spotkanie misyjne federacji FIMP zatytu\u0142owane: \u201eO\u017cywieni Duchem\u2026 by o\u017cywia\u0107 misj\u0119\u201d. Organizatorem wydarzenia by\u0142o Franciszka\u0144skie Centrum Misyjne w Rzymie. W spotkaniu uczestniczy\u0142o trzydziestu zakonnik\u00f3w, animator\u00f3w misyjnych, dwie siostry (Franciszkanki Misjonarki z Asy\u017cu) oraz dziesi\u0119ciu \u015bwieckich. [&hellip;]<\/p>\n","protected":false},"author":1,"featured_media":13536,"comment_status":"closed","ping_status":"open","sticky":false,"template":"","format":"standard","meta":{"ngg_post_thumbnail":0,"footnotes":""},"categories":[131,118,149],"tags":[1607,1925,815,1246,1247,940,356,1724,335,1240,696],"class_list":["post-13542","post","type-post","status-publish","format-standard","has-post-thumbnail","category-federacje","category-fimp-pl","category-wiadomosci","tag-assemblea-pl","tag-centro-missionario-pl","tag-centrum-misyjne","tag-italia-pl","tag-missionari-pl","tag-roma-pl","tag-rzym","tag-seraphicum-2-pl","tag-seraphicum-pl","tag-spotkanie","tag-wlochy"],"_links":{"self":[{"href":"https:\/\/www.ofmconv.net\/pl\/wp-json\/wp\/v2\/posts\/13542","targetHints":{"allow":["GET"]}}],"collection":[{"href":"https:\/\/www.ofmconv.net\/pl\/wp-json\/wp\/v2\/posts"}],"about":[{"href":"https:\/\/www.ofmconv.net\/pl\/wp-json\/wp\/v2\/types\/post"}],"author":[{"embeddable":true,"href":"https:\/\/www.ofmconv.net\/pl\/wp-json\/wp\/v2\/users\/1"}],"replies":[{"embeddable":true,"href":"https:\/\/www.ofmconv.net\/pl\/wp-json\/wp\/v2\/comments?post=13542"}],"version-history":[{"count":0,"href":"https:\/\/www.ofmconv.net\/pl\/wp-json\/wp\/v2\/posts\/13542\/revisions"}],"wp:featuredmedia":[{"embeddable":true,"href":"https:\/\/www.ofmconv.net\/pl\/wp-json\/wp\/v2\/media\/13536"}],"wp:attachment":[{"href":"https:\/\/www.ofmconv.net\/pl\/wp-json\/wp\/v2\/media?parent=13542"}],"wp:term":[{"taxonomy":"category","embeddable":true,"href":"https:\/\/www.ofmconv.net\/pl\/wp-json\/wp\/v2\/categories?post=13542"},{"taxonomy":"post_tag","embeddable":true,"href":"https:\/\/www.ofmconv.net\/pl\/wp-json\/wp\/v2\/tags?post=13542"}],"curies":[{"name":"wp","href":"https:\/\/api.w.org\/{rel}","templated":true}]}}