{"id":14135,"date":"2019-03-16T20:38:58","date_gmt":"2019-03-16T19:38:58","guid":{"rendered":"https:\/\/ofmconv.net\/roma-festa-al-seraphicum\/"},"modified":"2019-03-16T20:48:15","modified_gmt":"2019-03-16T19:48:15","slug":"roma-festa-al-seraphicum","status":"publish","type":"post","link":"https:\/\/www.ofmconv.net\/pl\/roma-festa-al-seraphicum\/","title":{"rendered":"Rzym: uroczysto\u015b\u0107 w Seraphicum"},"content":{"rendered":"<p><strong>Posta\u0107 \u015bw. Bonawentury z Bagnoregio by\u0142a w centrum uroczysto\u015bci, kt\u00f3ra odby\u0142a si\u0119 w czwartek, 14 marca 2019 roku na Papieskim Wydziale Teologicznym \u201eSan Bonawentura\u201d (Seraphicum) w Rzymie.<\/strong><\/p>\n<p>Uroczysto\u015b\u0107 jest przesuni\u0119ta w stosunku do wspomnienia liturgicznego (przypada 15 lipca) upami\u0119tniaj\u0105cego Serafickiego Doktora, a zarazem biografa \u015bw. Franciszka z Asy\u017cu i przez siedemna\u015bcie lat Ministra generalnego Zakonu Franciszkan\u00f3w. Obchody w ramach kalendarza akademickiego pozwalaj\u0105 na pe\u0142niejsze wsp\u00f3\u0142uczestnictwo wyk\u0142adowc\u00f3w, student\u00f3w, naukowc\u00f3w, urz\u0119dnik\u00f3w kurii generalnej Braci Mniejszych Konwentualnych, kt\u00f3rym powierzono zarz\u0105dzanie Wydzia\u0142em.<br \/>\nUroczysto\u015b\u0107 rozpocz\u0119\u0142a si\u0119 o godz. 9.30, uroczyst\u0105 Eucharysti\u0105, kt\u00f3rej przewodniczy\u0142 fr. Marco TASCA, Minister generalny Zakonu i Wielki Kanclerz Wydzia\u0142u.<br \/>\nWsp\u00f3lne \u015bwi\u0119towanie by\u0142a r\u00f3wnie\u017c okazj\u0105 do pozdrowie\u0144 w zwi\u0105zku z ko\u0144cz\u0105c\u0105 si\u0119 drug\u0105 kadencj\u0105 jego pos\u0142ugi: w maju br. rozpocznie si\u0119 kapitu\u0142a generalna zwyczajna, podczas kt\u00f3rej zostan\u0105 wybrane nowe w\u0142adze Zakonu.<br \/>\nFra Marco z\u0142o\u017cy\u0142 serdeczne podzi\u0119kowania: swojemu wikariuszowi Fra Jerzemu NORELOWI (delegatowi ds. Wydzia\u0142u); dziekanom uczelni, kt\u00f3rzy pos\u0142ugiwali przez ostatnie lata: fr. Zdzis\u0142awowi KIJASOWI, fr. Domenico PAOLETTI i fr. Dinh Anhue Nhue NGUYEN; wyk\u0142adowcom, studentom, a tak\u017ce tym wszystkim, \u201ekochali Wydzia\u0142 i s\u0142u\u017cyli mu z pasj\u0105, pieczo\u0142owito\u015bci\u0105 i cierpliwo\u015bci\u0105\u201d. \u017byczy\u0142 uczelni &#8211; kt\u00f3ra jest zaanga\u017cowana w utworzenie jednego uniwersytetu wraz z innymi rodzinami franciszka\u0144skimi \u2013 aby by\u0142a \u201egrup\u0105 m\u0119\u017cczyzn i kobiet, zakonnik\u00f3w i \u015bwieckich, po\u0142\u0105czonych w mi\u0142owaniu Pana zjednoczonych w umi\u0142owaniu Pana: najpi\u0119kniejszy dar, jaki mo\u017cemy ofiarowa\u0107 Ko\u015bcio\u0142owi jako Wydzia\u0142 Teologiczny\u201d.<br \/>\nO godzinie 11:00 rozpocz\u0119\u0142a si\u0119 cz\u0119\u015b\u0107 akademicka. Obecni byli m.in.: rektor Papieskiego Uniwersytetu \u201eAntonianum\u201d w Rzymie S. Mary MELONE, dziekan Franciszka\u0144skiego Instytutu Duchowo\u015bci fr. Luca BIANCHI OFMCap oraz przedstawiciele kurii generalnej OFMConv. Uczestnik\u00f3w powita\u0142 dziekan Wydzia\u0142u fr. Dinh Anh Nhue NGUYEN, kt\u00f3ry szczeg\u00f3\u0142owo przedstawi\u0142 dzia\u0142alno\u015b\u0107 w ostatnim roku akademickim. Zaprezentowa\u0142 r\u00f3wnie\u017c owoce pracy naukowej wyk\u0142adowc\u00f3w, publikacje, czasopisma i wydawnictwa (w\u015br\u00f3d nich: czasopismo \u201eMiscellanea Francescana\u201d oraz miesi\u0119cznik \u201eSan Bonaventura informa\u201d).<br \/>\nNast\u0119pnie prof. Andrea DI MAIO, (filozof z Papieskiego Uniwersytetu Gregoria\u0144skiego w Rzymie) wyg\u0142osi\u0142 referat pt. \u201e\u015awiadectwo, nauczanie, misja. Sposoby ewangelizacji wed\u0142ug Bonawentury\u201d. Jego wyk\u0142ad przyczyni\u0142 si\u0119 do pog\u0142\u0119bienia wiedzy o Serafickim Doktorze (tekst zostanie opublikowany w \u201eMiscellanea Francescana\u201d), wzbogacaj\u0105c tym samym trwaj\u0105c\u0105 od kilku lat refleksj\u0119 nad bogactwem, p\u0142odno\u015bci\u0105 i aktualno\u015bci\u0105 my\u015bli Bonawentury.<br \/>\nNa zako\u0144czenie uroczysto\u015bci uczestnicy wys\u0142uchali referatu fr. Timothy KULBICKIEGO. Nosi\u0142 on tytu\u0142 \u201eNarbonne i Nemi: Konstytucje franciszka\u0144skie \u015bw. Bonawentury i te obecne\u201d. Jego wyst\u0105pienie by\u0142y swego rodzaju wprowadzeniem i zaproszeniem na sympozjum o nowych Konstytucjach Zakonu, kt\u00f3re jest organizowane przez prokuratur\u0119 generaln\u0105 Zakonu i odb\u0119dzie si\u0119 na Wydziale w dniach 21-23 marca br.<\/p>\n<p style=\"text-align: right;\">Elisabetta LO IACONO, biuro prasowe Wydzia\u0142u<\/p>\nngg_shortcode_0_placeholder\n","protected":false},"excerpt":{"rendered":"<p>Posta\u0107 \u015bw. Bonawentury z Bagnoregio by\u0142a w centrum uroczysto\u015bci, kt\u00f3ra odby\u0142a si\u0119 w czwartek, 14 marca 2019 roku na Papieskim Wydziale Teologicznym \u201eSan Bonawentura\u201d (Seraphicum) w Rzymie. Uroczysto\u015b\u0107 jest przesuni\u0119ta w stosunku do wspomnienia liturgicznego (przypada 15 lipca) upami\u0119tniaj\u0105cego Serafickiego Doktora, a zarazem biografa \u015bw. Franciszka z Asy\u017cu i przez siedemna\u015bcie lat Ministra generalnego Zakonu [&hellip;]<\/p>\n","protected":false},"author":1,"featured_media":14129,"comment_status":"closed","ping_status":"open","sticky":false,"template":"","format":"standard","meta":{"ngg_post_thumbnail":0,"footnotes":""},"categories":[140,149],"tags":[336,430,356,335,1724,696],"class_list":["post-14135","post","type-post","status-publish","format-standard","has-post-thumbnail","category-sekretariat-generalny","category-wiadomosci","tag-domy-generalne","tag-minister-generalny","tag-rzym","tag-seraphicum-pl","tag-seraphicum-2-pl","tag-wlochy"],"_links":{"self":[{"href":"https:\/\/www.ofmconv.net\/pl\/wp-json\/wp\/v2\/posts\/14135","targetHints":{"allow":["GET"]}}],"collection":[{"href":"https:\/\/www.ofmconv.net\/pl\/wp-json\/wp\/v2\/posts"}],"about":[{"href":"https:\/\/www.ofmconv.net\/pl\/wp-json\/wp\/v2\/types\/post"}],"author":[{"embeddable":true,"href":"https:\/\/www.ofmconv.net\/pl\/wp-json\/wp\/v2\/users\/1"}],"replies":[{"embeddable":true,"href":"https:\/\/www.ofmconv.net\/pl\/wp-json\/wp\/v2\/comments?post=14135"}],"version-history":[{"count":0,"href":"https:\/\/www.ofmconv.net\/pl\/wp-json\/wp\/v2\/posts\/14135\/revisions"}],"wp:featuredmedia":[{"embeddable":true,"href":"https:\/\/www.ofmconv.net\/pl\/wp-json\/wp\/v2\/media\/14129"}],"wp:attachment":[{"href":"https:\/\/www.ofmconv.net\/pl\/wp-json\/wp\/v2\/media?parent=14135"}],"wp:term":[{"taxonomy":"category","embeddable":true,"href":"https:\/\/www.ofmconv.net\/pl\/wp-json\/wp\/v2\/categories?post=14135"},{"taxonomy":"post_tag","embeddable":true,"href":"https:\/\/www.ofmconv.net\/pl\/wp-json\/wp\/v2\/tags?post=14135"}],"curies":[{"name":"wp","href":"https:\/\/api.w.org\/{rel}","templated":true}]}}