{"id":14718,"date":"2019-04-01T16:14:58","date_gmt":"2019-04-01T14:14:58","guid":{"rendered":"https:\/\/ofmconv.net\/roma-seraphicum-proroga-del-mandato-di-vice-preside\/"},"modified":"2019-04-01T16:19:24","modified_gmt":"2019-04-01T14:19:24","slug":"roma-seraphicum-proroga-del-mandato-di-vice-preside","status":"publish","type":"post","link":"https:\/\/www.ofmconv.net\/pl\/roma-seraphicum-proroga-del-mandato-di-vice-preside\/","title":{"rendered":"Roma\/Seraphicum: przed\u0142u\u017cenie kadencji wicedziekana"},"content":{"rendered":"<p><strong>Wyk\u0142adowca Nowego Testamentu, fr. Germano SCAGLIONI, zosta\u0142 ponownie wybrany na wicedziekana Papieskiego Wydzia\u0142u Teologicznego \u201eSan Bonaventura\u201d \u2013 Seraphicum Braci Mniejszych Konwentualnych w Rzymie.<\/strong><\/p>\n<p>Rada wydzia\u0142u, na posiedzeniu w pi\u0105tek 29 marca br. \u2013 w kt\u00f3rym uczestniczy\u0142 tak\u017ce wice kanclerz i wikariusz zakonu fr. Jerzy NOREL \u2013 wybra\u0142o go ponownie wi\u0119kszo\u015bci\u0105 g\u0142os\u00f3w na zast\u0119pc\u0119 dziekana fr. Dinh Anh Nhue NGUYEN, niedawno potwierdzone na tej funkcji przez Kongregacj\u0119 ds. Wychowania Katolickiego.<br \/>\nFr. Germano urodzi\u0142 si\u0119 w Fidenza (PR) 24 grudnia 1961 r. Profesj\u0119 uroczyst\u0105 z\u0142o\u017cy\u0142 30 wrze\u015bnia 1995 r., \u015bwi\u0119cenia kap\u0142a\u0144skie przyj\u0105\u0142 28 czerwca 1997 r.<br \/>\nPoza wyk\u0142adami w Seraphicum i na Papieskim Uniwersytecie \u201eAntonianum\u201d w Rzymie, pe\u0142ni obowi\u0105zki dyrektora dwumiesi\u0119cznika \u201eCredere oggi\u201d (\u201eWierzy\u0107 dzisiaj\u201d) wydawanego przez Edizioni Messaggero Padova oraz redaktora miesi\u0119cznika \u201eSan Bonaventura informa\u201d (biuletynu informacyjnego wydzia\u0142u).<br \/>\nPodczas tego samego posiedzenia na cz\u0142onka rady dzieka\u0144skiej zosta\u0142 powo\u0142any fr. Stanis\u0142aw BAZYLI\u0143SKI z Prowincji \u015bw. Antoniego i b\u0142. Jakuba Strzemi\u0119 w Polsce (Krak\u00f3w).<\/p>\n<p style=\"text-align: right;\">Elisabetta LO IACONO &#8211; Elisabetta LO IACONO \u2013 biuro prasowe Seraphicum<\/p>\n","protected":false},"excerpt":{"rendered":"<p>Wyk\u0142adowca Nowego Testamentu, fr. Germano SCAGLIONI, zosta\u0142 ponownie wybrany na wicedziekana Papieskiego Wydzia\u0142u Teologicznego \u201eSan Bonaventura\u201d \u2013 Seraphicum Braci Mniejszych Konwentualnych w Rzymie. Rada wydzia\u0142u, na posiedzeniu w pi\u0105tek 29 marca br. \u2013 w kt\u00f3rym uczestniczy\u0142 tak\u017ce wice kanclerz i wikariusz zakonu fr. Jerzy NOREL \u2013 wybra\u0142o go ponownie wi\u0119kszo\u015bci\u0105 g\u0142os\u00f3w na zast\u0119pc\u0119 dziekana fr. [&hellip;]<\/p>\n","protected":false},"author":1,"featured_media":14712,"comment_status":"closed","ping_status":"open","sticky":false,"template":"","format":"standard","meta":{"ngg_post_thumbnail":0,"footnotes":""},"categories":[140,149],"tags":[336,356,335,1724],"class_list":["post-14718","post","type-post","status-publish","format-standard","has-post-thumbnail","category-sekretariat-generalny","category-wiadomosci","tag-domy-generalne","tag-rzym","tag-seraphicum-pl","tag-seraphicum-2-pl"],"_links":{"self":[{"href":"https:\/\/www.ofmconv.net\/pl\/wp-json\/wp\/v2\/posts\/14718","targetHints":{"allow":["GET"]}}],"collection":[{"href":"https:\/\/www.ofmconv.net\/pl\/wp-json\/wp\/v2\/posts"}],"about":[{"href":"https:\/\/www.ofmconv.net\/pl\/wp-json\/wp\/v2\/types\/post"}],"author":[{"embeddable":true,"href":"https:\/\/www.ofmconv.net\/pl\/wp-json\/wp\/v2\/users\/1"}],"replies":[{"embeddable":true,"href":"https:\/\/www.ofmconv.net\/pl\/wp-json\/wp\/v2\/comments?post=14718"}],"version-history":[{"count":0,"href":"https:\/\/www.ofmconv.net\/pl\/wp-json\/wp\/v2\/posts\/14718\/revisions"}],"wp:featuredmedia":[{"embeddable":true,"href":"https:\/\/www.ofmconv.net\/pl\/wp-json\/wp\/v2\/media\/14712"}],"wp:attachment":[{"href":"https:\/\/www.ofmconv.net\/pl\/wp-json\/wp\/v2\/media?parent=14718"}],"wp:term":[{"taxonomy":"category","embeddable":true,"href":"https:\/\/www.ofmconv.net\/pl\/wp-json\/wp\/v2\/categories?post=14718"},{"taxonomy":"post_tag","embeddable":true,"href":"https:\/\/www.ofmconv.net\/pl\/wp-json\/wp\/v2\/tags?post=14718"}],"curies":[{"name":"wp","href":"https:\/\/api.w.org\/{rel}","templated":true}]}}