{"id":14830,"date":"2019-04-04T15:54:08","date_gmt":"2019-04-04T13:54:08","guid":{"rendered":"https:\/\/ofmconv.net\/roma-seraphicum-convegno-sul-diritto-proprio-ofmconv\/"},"modified":"2019-04-04T16:06:01","modified_gmt":"2019-04-04T14:06:01","slug":"roma-seraphicum-convegno-sul-diritto-proprio-ofmconv","status":"publish","type":"post","link":"https:\/\/www.ofmconv.net\/pl\/roma-seraphicum-convegno-sul-diritto-proprio-ofmconv\/","title":{"rendered":"Rzym\/Seraphicum: konferencja na temat prawa w\u0142asnego OFMConv"},"content":{"rendered":"<p><strong>Od popo\u0142udnia 21 marca 2019 roku do rana 23 marca 2019 roku w Mi\u0119dzynarodowym Kolegium Braci Mniejszych Konwentualnych w Rzymie (Seraphicum) mia\u0142a miejsce konferencja na temat prawa w\u0142asnego Zakonu.<\/strong><\/p>\n<p>Prelegenci, wszyscy wyk\u0142adowcy, nale\u017c\u0105cy do naszego lub innych zakon\u00f3w, zostali przedstawieni kr\u00f3tkimi notatkami biograficznymi. Swoje referaty wyg\u0142osili w spos\u00f3b dynamiczny, r\u00f3wnie\u017c dzi\u0119ki specjalnie przygotowanym prezentacjom PowerPoint.<br \/>\nTematyka dotyczy\u0142a g\u0142\u00f3wnie prezentacji zatwierdzonych Konstytucji i <em>Instrumentum laboris<\/em> do odnowionych Statut\u00f3w, zredagowanych przez wsp\u00f3\u0142braci z CERC (Komitet Wykonawczy ds. Rewizji Konstytucji) oraz przez braci z Prokuratorii generalnej. W sesjach tych uczestniczyli licznie bracia z Seraphicum i cz\u0142onkowie federacji FIMP (Konferencja ministr\u00f3w prowincjalnych obszaru Morza \u015ar\u00f3dziemnego), kt\u00f3rzy w tym samym czasie obradowali w Seraphicum. Na zako\u0144czenie ka\u017cdej interwencji by\u0142 czas na interesuj\u0105ce pytania i dyskusje.<br \/>\nKolejne prezentacje dotyczy\u0142y aktualnych zagadnie\u0144 prawnych: pochodzenia i charakteru w\u0142adzy w Zakonie, tj. kto i dlaczego rz\u0105dzi wsp\u00f3lnot\u0105 (temat opracowany przez arcybiskupa Filippo IANNONE OCarm, przewodnicz\u0105cego Papieskiej Rady Tekst\u00f3w Prawnych); porzucenia \u017cycia zakonnego i kap\u0142a\u0144skiego (genialny raport arcybiskupa Jos\u00e9 Rodr\u00edguez CARBALLO OFM, sekretarza Kongregacji Instytut\u00f3w \u017bycia Konsekrowanego i Stowarzysze\u0144 \u017bycia Apostolskiego); nowe normy Stolicy Apostolskiej dotycz\u0105ce zarz\u0105dzania w instytutach zakonnych (mistrzowsko zilustrowane przez o. Sebastiano PACIOLLA Cyst. Podobnie pobudzaj\u0105ca i przekonuj\u0105ca by\u0142a konferencja prokuratora generalnego Antonio BELPIEDE OFMCap, a tak\u017ce referat odno\u015bnie Forum wewn\u0119trznego i zewn\u0119trznego w rz\u0105dzeniu i formacji, wyg\u0142oszony przez fr. Roberta LE\u017bOHUPSKIEGO OFMConv, kt\u00f3ry \u017cywo zainteresowa\u0142 wsp\u00f3\u0142braci nie\u0142atw\u0105 tematyk\u0105.<br \/>\nKonferencja okaza\u0142a si\u0119 sukcesem sama w sobie: uda\u0142o si\u0119 podj\u0105\u0107 dyskusj\u0119 podczas kt\u00f3rej zastosowano regu\u0142y prawne, a nie tylko historyczne i charyzmatyczne. Organizatorzy maj\u0105 nadziej\u0119, \u017ce pomo\u017ce to przede wszystkim ojcom kapitulnym, ale i wszystkim braciom w lepszym zrozumieniu prawa w\u0142asnego Zakonu. Faktycznie, celem konferencji by\u0142a konfrontacja braterstwa z prawem, kt\u00f3re jest zasadniczo narz\u0119dziem, i ze Stolic\u0105 Apostolsk\u0105, dobrze reprezentowan\u0105 przez niekt\u00f3rych m\u00f3wc\u00f3w.<br \/>\nPrawo w\u0142asne Zakonu musi by\u0107 stosowane w celu: ochrony naszego charyzmatu i sposobu zachowywania \u015blub\u00f3w w tradycji konwentualnej; ochrony wsp\u00f3lnoty braterskiej i jej pokojowego wsp\u00f3\u0142istnienia; pomocy braterskim wsp\u00f3lnotom i poszczeg\u00f3lnym braciom w znalezieniu jasno\u015bci w ich w\u0142asnej sytuacji.<br \/>\nRyzyko postawy antyprawnej mog\u0142oby by\u0107 nast\u0119puj\u0105ce: stawienie czo\u0142a sytuacjom w spos\u00f3b zbyt emocjonalny, nawet przy wielkim subiektywnym rozeznaniu i \u201eempirycznej\u201d m\u0105dro\u015bci; zaniedbanie powa\u017cnych nieprawid\u0142owo\u015bci i pozostawienie ich nierozwi\u0105zanych ze strony prze\u0142o\u017conego i podw\u0142adnego z powodu braku instrument\u00f3w prawnych i jasno\u015bci; dzia\u0142anie w imi\u0119 dobrych uczu\u0107, zaniedbuj\u0105c logik\u0119 Ko\u015bcio\u0142a i Zakonu oraz ich \u201epraktyk\u0119\u201d, zawart\u0105 w obowi\u0105zuj\u0105cych przepisach.<br \/>\nPo sympozjum zrodzi\u0142y si\u0119 dwa pragnienia: jak najszybsze opublikowanie akt konferencji oraz zorganizowanie podobnego spotkania, by\u0107 mo\u017ce w kwestii ochrony nieletnich i towarzyszenia braciom oskar\u017conym o tego rodzaju zbrodnie.<br \/>\nSerdeczne podzi\u0119kowania dla Ministra generalnego, kt\u00f3ry natychmiast wspar\u0142 i sfinansowa\u0142 wydarzenie, dla prokuratorii generalnej, prelegent\u00f3w, moderator\u00f3w, dla wsp\u00f3lnoty Seraphicum, kt\u00f3ra go\u015bci\u0142a uczestnik\u00f3w, dla dr Elisabetta LO IACONO za pos\u0142ug\u0119 prasow\u0105, i nie tylko, i przede wszystkim dla braci, kt\u00f3rzy w du\u017cej liczbie uczestniczyli w wydarzeniu.<\/p>\n<p style=\"text-align: right;\">Fr. Maurizio DI PAOLO OFMConv, prokurator generalny<\/p>\nngg_shortcode_0_placeholder\n","protected":false},"excerpt":{"rendered":"<p>Od popo\u0142udnia 21 marca 2019 roku do rana 23 marca 2019 roku w Mi\u0119dzynarodowym Kolegium Braci Mniejszych Konwentualnych w Rzymie (Seraphicum) mia\u0142a miejsce konferencja na temat prawa w\u0142asnego Zakonu. Prelegenci, wszyscy wyk\u0142adowcy, nale\u017c\u0105cy do naszego lub innych zakon\u00f3w, zostali przedstawieni kr\u00f3tkimi notatkami biograficznymi. Swoje referaty wyg\u0142osili w spos\u00f3b dynamiczny, r\u00f3wnie\u017c dzi\u0119ki specjalnie przygotowanym prezentacjom PowerPoint. [&hellip;]<\/p>\n","protected":false},"author":1,"featured_media":14823,"comment_status":"closed","ping_status":"open","sticky":false,"template":"","format":"standard","meta":{"ngg_post_thumbnail":0,"footnotes":""},"categories":[140,149],"tags":[2027,1616,356,335,1617],"class_list":["post-14830","post","type-post","status-publish","format-standard","has-post-thumbnail","category-sekretariat-generalny","category-wiadomosci","tag-procura-pl","tag-prokurator","tag-rzym","tag-seraphicum-pl","tag-sympozjum"],"_links":{"self":[{"href":"https:\/\/www.ofmconv.net\/pl\/wp-json\/wp\/v2\/posts\/14830","targetHints":{"allow":["GET"]}}],"collection":[{"href":"https:\/\/www.ofmconv.net\/pl\/wp-json\/wp\/v2\/posts"}],"about":[{"href":"https:\/\/www.ofmconv.net\/pl\/wp-json\/wp\/v2\/types\/post"}],"author":[{"embeddable":true,"href":"https:\/\/www.ofmconv.net\/pl\/wp-json\/wp\/v2\/users\/1"}],"replies":[{"embeddable":true,"href":"https:\/\/www.ofmconv.net\/pl\/wp-json\/wp\/v2\/comments?post=14830"}],"version-history":[{"count":0,"href":"https:\/\/www.ofmconv.net\/pl\/wp-json\/wp\/v2\/posts\/14830\/revisions"}],"wp:featuredmedia":[{"embeddable":true,"href":"https:\/\/www.ofmconv.net\/pl\/wp-json\/wp\/v2\/media\/14823"}],"wp:attachment":[{"href":"https:\/\/www.ofmconv.net\/pl\/wp-json\/wp\/v2\/media?parent=14830"}],"wp:term":[{"taxonomy":"category","embeddable":true,"href":"https:\/\/www.ofmconv.net\/pl\/wp-json\/wp\/v2\/categories?post=14830"},{"taxonomy":"post_tag","embeddable":true,"href":"https:\/\/www.ofmconv.net\/pl\/wp-json\/wp\/v2\/tags?post=14830"}],"curies":[{"name":"wp","href":"https:\/\/api.w.org\/{rel}","templated":true}]}}