{"id":15076,"date":"2019-04-17T16:46:46","date_gmt":"2019-04-17T14:46:46","guid":{"rendered":"https:\/\/ofmconv.net\/venerabile-carlos-de-dios-murias\/"},"modified":"2019-04-18T09:41:51","modified_gmt":"2019-04-18T07:41:51","slug":"venerabile-carlos-de-dios-murias","status":"publish","type":"post","link":"https:\/\/www.ofmconv.net\/pl\/venerabile-carlos-de-dios-murias\/","title":{"rendered":"Czcigodny s\u0142uga Bo\u017cy Karol Bo\u017cy MURIAS"},"content":{"rendered":"<p><strong>Nasz Zakon Braci Mniejszych Konwentualnych po raz kolejny przygotowuje si\u0119 do z\u0142o\u017cenia uwielbienia i czci najwy\u017cszemu i wszechmog\u0105cemu Bogu, bowiem jeden z jego braci zostanie wkr\u00f3tce do\u0142\u0105czony do d\u0142ugiego zast\u0119pu b\u0142ogos\u0142awionych m\u0119czennik\u00f3w, kt\u00f3rzy ze swojego \u017cycia i \u015bmierci potrafili uczyni\u0107 owocne ziarno i \u017cyw\u0105 Ewangeli\u0119 dla wszystkich tych, kt\u00f3rzy poszukuj\u0105 zbawienia.<\/strong><\/p>\n<p>Drodzy bracia, wywy\u017cszaj\u0105c naszego brata Karola do chwa\u0142y o\u0142tarzy, dobry B\u00f3g daje nam now\u0105 okazj\u0119 do zastanowienia si\u0119 nad nasz\u0105 to\u017csamo\u015bci\u0105 braci mniejszych konwentualnych, nad powag\u0105 w prze\u017cywaniu naszego powo\u0142ania w tym czasie i w tych miejscach, gdzie poprowadzi\u0142o nas pos\u0142usze\u0144stwo zakonne, lecz przede wszystkim nad tym, w jaki spos\u00f3b wcielamy Dobr\u0105 Nowin\u0119, najpierw w nasze \u017cycie i naszych wsp\u00f3lnot braterskich, ale te\u017c po\u015br\u00f3d ludu Bo\u017cego, z kt\u00f3rym \u017cyjemy.<br \/>\nOto 27 kwietnia 2019 r. w mie\u015bcie La Rioja w Argentynie zostanie beatyfikowany nasz wsp\u00f3\u0142brat Karol Bo\u017cy MURIAS, zakonnik, kap\u0142an, m\u0119czennik, wraz z trzema innymi czcigodnymi \u015bwiadkami Chrystusa: bp. Henrykiem Anio\u0142em ANGELELLIM CARLETTIM, biskupem diecezji La Rioja, ks. Gabrielem LONGUEVILLE\u2019EM, francuskim kap\u0142anem diecezjalnym fidei donum, i Wac\u0142awem PEDERNER\u0104, wiernym \u015bwieckim i ojcem rodziny. Godne wzmianki jest to, \u017ce ci czterej nowi b\u0142ogos\u0142awieni, tak jak \u015bci\u015ble byli z\u0142\u0105czeni w \u017cyciu, tak samo stali si\u0119 z\u0142\u0105czeni r\u00f3wnie\u017c w \u015bmierci i teraz na zawsze s\u0105 razem przed Bogiem or\u0119downikami za nas wszystkich, zw\u0142aszcza za braci z prowincji argenty\u0144skiej i za ca\u0142y lud argenty\u0144ski&#8230;<\/p>\n<p style=\"text-align: right;\">Tekst listu Ministra generalnego<\/p>\n<table>\n<tbody>\n<tr>\n<td><a href=\"\/docs\/lettere-mg\/pol_murias-lettera-MG.pdf\">pobierz&gt;&gt;&gt;<img loading=\"lazy\" decoding=\"async\" class=\"alignleft size-full wp-image-3965\" src=\"https:\/\/ofmconv.net\/wp-content\/uploads\/2018\/03\/pdf-1.png\" alt=\"pdf\" width=\"48\" height=\"48\"><\/a>\n<\/td>\n<td><a href=\"\/img\/galerie\/2019\/04-17-postulator-murias\/murias-poster.pdf\">pobierz&gt;&gt;&gt;<img decoding=\"async\" class=\"alignleft\" src=\"\/img\/galerie\/2019\/04-17-postulator-murias\/murias-poster-thumb.jpg\" alt=\"poster\" width=\"48\"><\/a>\n<\/td>\n<\/tr>\n<\/tbody>\n<\/table>\n<p>&nbsp;<\/p>\nngg_shortcode_0_placeholder\n","protected":false},"excerpt":{"rendered":"<p>Nasz Zakon Braci Mniejszych Konwentualnych po raz kolejny przygotowuje si\u0119 do z\u0142o\u017cenia uwielbienia i czci najwy\u017cszemu i wszechmog\u0105cemu Bogu, bowiem jeden z jego braci zostanie wkr\u00f3tce do\u0142\u0105czony do d\u0142ugiego zast\u0119pu b\u0142ogos\u0142awionych m\u0119czennik\u00f3w, kt\u00f3rzy ze swojego \u017cycia i \u015bmierci potrafili uczyni\u0107 owocne ziarno i \u017cyw\u0105 Ewangeli\u0119 dla wszystkich tych, kt\u00f3rzy poszukuj\u0105 zbawienia. Drodzy bracia, wywy\u017cszaj\u0105c naszego [&hellip;]<\/p>\n","protected":false},"author":1,"featured_media":15072,"comment_status":"closed","ping_status":"open","sticky":false,"template":"","format":"standard","meta":{"ngg_post_thumbnail":0,"footnotes":""},"categories":[143,134,149],"tags":[1319],"class_list":["post-15076","post","type-post","status-publish","format-standard","has-post-thumbnail","category-postulatore-pl","category-urzedy-generalne","category-wiadomosci","tag-fra-carlo-di-dio-murias-en-pl"],"_links":{"self":[{"href":"https:\/\/www.ofmconv.net\/pl\/wp-json\/wp\/v2\/posts\/15076","targetHints":{"allow":["GET"]}}],"collection":[{"href":"https:\/\/www.ofmconv.net\/pl\/wp-json\/wp\/v2\/posts"}],"about":[{"href":"https:\/\/www.ofmconv.net\/pl\/wp-json\/wp\/v2\/types\/post"}],"author":[{"embeddable":true,"href":"https:\/\/www.ofmconv.net\/pl\/wp-json\/wp\/v2\/users\/1"}],"replies":[{"embeddable":true,"href":"https:\/\/www.ofmconv.net\/pl\/wp-json\/wp\/v2\/comments?post=15076"}],"version-history":[{"count":0,"href":"https:\/\/www.ofmconv.net\/pl\/wp-json\/wp\/v2\/posts\/15076\/revisions"}],"wp:featuredmedia":[{"embeddable":true,"href":"https:\/\/www.ofmconv.net\/pl\/wp-json\/wp\/v2\/media\/15072"}],"wp:attachment":[{"href":"https:\/\/www.ofmconv.net\/pl\/wp-json\/wp\/v2\/media?parent=15076"}],"wp:term":[{"taxonomy":"category","embeddable":true,"href":"https:\/\/www.ofmconv.net\/pl\/wp-json\/wp\/v2\/categories?post=15076"},{"taxonomy":"post_tag","embeddable":true,"href":"https:\/\/www.ofmconv.net\/pl\/wp-json\/wp\/v2\/tags?post=15076"}],"curies":[{"name":"wp","href":"https:\/\/api.w.org\/{rel}","templated":true}]}}