{"id":15364,"date":"2019-05-06T08:55:01","date_gmt":"2019-05-06T06:55:01","guid":{"rendered":"https:\/\/ofmconv.net\/argentina-beatificazione-di-fra-carlos-de-dios-murias\/"},"modified":"2019-05-06T09:02:08","modified_gmt":"2019-05-06T07:02:08","slug":"argentina-beatificazione-di-fra-carlos-de-dios-murias","status":"publish","type":"post","link":"https:\/\/www.ofmconv.net\/pl\/argentina-beatificazione-di-fra-carlos-de-dios-murias\/","title":{"rendered":"Argentyna: Beatyfikacja Fra Carlos de Dios MURIAS"},"content":{"rendered":"<p><strong>W sobot\u0119 27 kwietnia 2019 roku, w mie\u015bcie La Rioja w Argentynie, prefekt Kongregacji do spraw \u015bwi\u0119tych kard. Angelo BECCIU beatyfikowa\u0142 franciszkanina, fr. Carlosa de Dios MURIAS, m\u0119czennika z Zakonu Braci Mniejszych Konwentualnych.<\/strong><\/p>\n<p>Wraz z nim zostali beatyfikowani inni trzej m\u0119czennicy: Enrico Angelo ANGELLI CARLETTI, biskup diecezji La Rioja, Gabriel LONGUEVILLE, ksi\u0105dz diecezjalny \u201efidei donum\u201d i Wenceslao PEDERNERA, ojciec rodziny.<br \/>\nNasz\u0105 rodzin\u0119 konwentualn\u0105 reprezentowali: Minister generalny Fra Marco TASCA, wikariusz generalny Fra Jerzy NOREL, prawie wszyscy cz\u0142onkowie Definitorium generalnego i kilku braci z Kurii generalnej, arcybiskup Gianfranco GIROTTI, postulator generalny fr. Damian P\u0102TRA\u0218CU, bracia z W\u0142och i innych jurysdykcji Zakonu, zw\u0142aszcza z Federacji FALC, a przede wszystkim z prowincji \u201eRioplatense\u201d; wszystkich by\u0142o oko\u0142o pi\u0119\u0107dziesi\u0119ciu.<br \/>\nImponuj\u0105cy by\u0142 udzia\u0142 Ko\u015bcio\u0142a argenty\u0144skiego: oko\u0142o pi\u0119\u0107dziesi\u0119ciu biskup\u00f3w, ponad 500 ksi\u0119\u017cy i oko\u0142o 30.000 wiernych ze wszystkich cz\u0119\u015bci kraju.<br \/>\nUroczysto\u015bci rozpocz\u0119\u0142y si\u0119 ju\u017c w pi\u0105tek wiecz\u00f3r, kiedy to prefekt kongregacji odprawi\u0142 Msz\u0119 \u015bw. w katedrze w La Rioja, dzi\u0119kuj\u0105c m\u0119czennikom za ich \u015bwiadectwo dane Chrystusowi i wskazuj\u0105c ich wszystkim jako uczni\u00f3w do na\u015bladowania.<br \/>\nW sobot\u0119, o godzinie 10.00 rano, w pi\u0119knym parku i w \u015bwi\u0105tecznej atmosferze, zosta\u0142a koncelebrowana Msza \u015bw., podczas kt\u00f3rej kard. Angelo BECCIU, w imieniu Ojca \u015awi\u0119tego, wyni\u00f3s\u0142 do chwa\u0142y o\u0142tarzy czterech m\u0119czennik\u00f3w Ko\u015bcio\u0142a argenty\u0144skiego. Ci nowi b\u0142ogos\u0142awieni &#8211; powiedzia\u0142 wys\u0142annik Papie\u017ca &#8211; s\u0105 m\u0119czennikami Ewangelii, piecz\u0119ci\u0105 dokument\u00f3w Soboru Watyka\u0144skiego II, \u015bwiadkami nieustaj\u0105cej nowo\u015bci Dobrej Nowiny w ka\u017cdym czasie.<br \/>\nPo uroczystej celebracji Eucharystycznej i rycie beatyfikacyjnym delegacja braci uda\u0142a si\u0119 do parafii Sa\u00f1ogasta, gdzie \u015bmier\u0107 m\u0119cze\u0144ska poni\u00f3s\u0142 Wenceslao PEDERNERA; uczczono jego gr\u00f3b i wraz z obecnymi tu biskupami, odprawiono Msz\u0119 \u015bw. dzi\u0119kczynn\u0105.<br \/>\nNast\u0119pnie powr\u00f3cono do La Rioja, gdzie po trzygodzinnej podr\u00f3\u017cy, w niedziel\u0119, bracia uczestniczyli w kolejnych dw\u00f3ch uroczysto\u015bciach. W godzinach porannych odprawiono msz\u0119 \u015bw. w miejscu m\u0119cze\u0144stwa Henry Angelo ANGELLI CARLETTI, biskup diecezji La Rioja, a wieczorem, w Chamical, gdzie \u2013 r\u00f3wnie\u017c podczas Eucharystii &#8211; dzi\u0119kowano Bogu za beatyfikacj\u0119 naszego wsp\u00f3\u0142brata Carlos de Dios MURIAS oraz Gabriela CARLETTI.<br \/>\nBy\u0142y to dni pe\u0142ne \u015bwi\u0119towania, rado\u015bci i manifestacji wiary, ale przede wszystkim dzi\u0119kczynienia za dar ka\u017cdego powo\u0142ania, poniewa\u017c B\u00f3g obdarowa\u0142 ca\u0142y Ko\u015bci\u00f3\u0142, a w szczeg\u00f3lno\u015bci nasz Zakon, tymi \u015bwiadkami, kt\u00f3rych warto na\u015bladowa\u0107, maj\u0105c w nich pot\u0119\u017cnych or\u0119downik\u00f3w, by z wi\u0119ksz\u0105 si\u0142\u0105 i odwag\u0105 kroczy\u0107 po drogach \u015bwiata.<br \/>\nB\u0142ogos\u0142awieni Carlosie, Enrique, Gabrielu i Wenceslao, m\u00f3dlcie si\u0119 za nami!<\/p>\n<p style=\"text-align: right;\">Fr. Damian P\u0102TRA\u0218CU, Postulator Generalny<\/p>\nngg_shortcode_0_placeholder\n","protected":false},"excerpt":{"rendered":"<p>W sobot\u0119 27 kwietnia 2019 roku, w mie\u015bcie La Rioja w Argentynie, prefekt Kongregacji do spraw \u015bwi\u0119tych kard. Angelo BECCIU beatyfikowa\u0142 franciszkanina, fr. Carlosa de Dios MURIAS, m\u0119czennika z Zakonu Braci Mniejszych Konwentualnych. Wraz z nim zostali beatyfikowani inni trzej m\u0119czennicy: Enrico Angelo ANGELLI CARLETTI, biskup diecezji La Rioja, Gabriel LONGUEVILLE, ksi\u0105dz diecezjalny \u201efidei donum\u201d [&hellip;]<\/p>\n","protected":false},"author":1,"featured_media":15360,"comment_status":"closed","ping_status":"open","sticky":false,"template":"","format":"standard","meta":{"ngg_post_thumbnail":0,"footnotes":""},"categories":[143,134,149],"tags":[1054,1055,1319,1685],"class_list":["post-15364","post","type-post","status-publish","format-standard","has-post-thumbnail","category-postulatore-pl","category-urzedy-generalne","category-wiadomosci","tag-argentina-uruguay-pl","tag-argentyna-urugwaj","tag-fra-carlo-di-dio-murias-en-pl","tag-fra-carlo-di-dios-murias"],"_links":{"self":[{"href":"https:\/\/www.ofmconv.net\/pl\/wp-json\/wp\/v2\/posts\/15364","targetHints":{"allow":["GET"]}}],"collection":[{"href":"https:\/\/www.ofmconv.net\/pl\/wp-json\/wp\/v2\/posts"}],"about":[{"href":"https:\/\/www.ofmconv.net\/pl\/wp-json\/wp\/v2\/types\/post"}],"author":[{"embeddable":true,"href":"https:\/\/www.ofmconv.net\/pl\/wp-json\/wp\/v2\/users\/1"}],"replies":[{"embeddable":true,"href":"https:\/\/www.ofmconv.net\/pl\/wp-json\/wp\/v2\/comments?post=15364"}],"version-history":[{"count":0,"href":"https:\/\/www.ofmconv.net\/pl\/wp-json\/wp\/v2\/posts\/15364\/revisions"}],"wp:featuredmedia":[{"embeddable":true,"href":"https:\/\/www.ofmconv.net\/pl\/wp-json\/wp\/v2\/media\/15360"}],"wp:attachment":[{"href":"https:\/\/www.ofmconv.net\/pl\/wp-json\/wp\/v2\/media?parent=15364"}],"wp:term":[{"taxonomy":"category","embeddable":true,"href":"https:\/\/www.ofmconv.net\/pl\/wp-json\/wp\/v2\/categories?post=15364"},{"taxonomy":"post_tag","embeddable":true,"href":"https:\/\/www.ofmconv.net\/pl\/wp-json\/wp\/v2\/tags?post=15364"}],"curies":[{"name":"wp","href":"https:\/\/api.w.org\/{rel}","templated":true}]}}