{"id":15888,"date":"2019-05-20T09:20:23","date_gmt":"2019-05-20T07:20:23","guid":{"rendered":"https:\/\/ofmconv.net\/malta-assemblea-provinciale\/"},"modified":"2019-05-20T09:23:41","modified_gmt":"2019-05-20T07:23:41","slug":"malta-assemblea-provinciale","status":"publish","type":"post","link":"https:\/\/www.ofmconv.net\/pl\/malta-assemblea-provinciale\/","title":{"rendered":"Malta: Zgromadzenie prowincjalne"},"content":{"rendered":"<p><strong>W ramach przygotowa\u0144 do kapitu\u0142y prowincjalnej zwyczajnej, kt\u00f3ra odb\u0119dzie si\u0119 we wrze\u015bniu 2019 roku, bracia z Prowincji \u015bw. Paw\u0142a Aposto\u0142a na Malcie zorganizowali 16 maja br. spotkanie prowincjalne.<\/strong><\/p>\n<p>Odby\u0142o si\u0119 ono w Centrum animacji i komunikacji w Birkirkarze. Zakonnicy zebrali si\u0119, aby zastanowi\u0107 si\u0119 nad \u017cyciem i dzia\u0142alno\u015bci\u0105 swojej prowincji; obecni byli wszyscy bracia z prowincji.<br \/>\nZgromadzenie prowincjalne rozpocz\u0119\u0142o drog\u0119 rozeznawania wsp\u00f3lnotowego na temat nowej ewangelizacji, kt\u00f3ra przygotuje braci do decyzji, kt\u00f3re zostan\u0105 podj\u0119te na najbli\u017cszej kapitule i do opracowania kolejnego czteroletniego projektu prowincji (PPQ).<\/p>\n<p style=\"text-align: right;\">Fr. Allister M. AQUILINA OFMConv<\/p>\nngg_shortcode_0_placeholder\n","protected":false},"excerpt":{"rendered":"<p>W ramach przygotowa\u0144 do kapitu\u0142y prowincjalnej zwyczajnej, kt\u00f3ra odb\u0119dzie si\u0119 we wrze\u015bniu 2019 roku, bracia z Prowincji \u015bw. Paw\u0142a Aposto\u0142a na Malcie zorganizowali 16 maja br. spotkanie prowincjalne. Odby\u0142o si\u0119 ono w Centrum animacji i komunikacji w Birkirkarze. Zakonnicy zebrali si\u0119, aby zastanowi\u0107 si\u0119 nad \u017cyciem i dzia\u0142alno\u015bci\u0105 swojej prowincji; obecni byli wszyscy bracia z [&hellip;]<\/p>\n","protected":false},"author":1,"featured_media":15884,"comment_status":"closed","ping_status":"open","sticky":false,"template":"","format":"standard","meta":{"ngg_post_thumbnail":0,"footnotes":""},"categories":[131,118,149],"tags":[1607,1163,1609],"class_list":["post-15888","post","type-post","status-publish","format-standard","has-post-thumbnail","category-federacje","category-fimp-pl","category-wiadomosci","tag-assemblea-pl","tag-malta-pl","tag-zgromadzenie"],"_links":{"self":[{"href":"https:\/\/www.ofmconv.net\/pl\/wp-json\/wp\/v2\/posts\/15888","targetHints":{"allow":["GET"]}}],"collection":[{"href":"https:\/\/www.ofmconv.net\/pl\/wp-json\/wp\/v2\/posts"}],"about":[{"href":"https:\/\/www.ofmconv.net\/pl\/wp-json\/wp\/v2\/types\/post"}],"author":[{"embeddable":true,"href":"https:\/\/www.ofmconv.net\/pl\/wp-json\/wp\/v2\/users\/1"}],"replies":[{"embeddable":true,"href":"https:\/\/www.ofmconv.net\/pl\/wp-json\/wp\/v2\/comments?post=15888"}],"version-history":[{"count":0,"href":"https:\/\/www.ofmconv.net\/pl\/wp-json\/wp\/v2\/posts\/15888\/revisions"}],"wp:featuredmedia":[{"embeddable":true,"href":"https:\/\/www.ofmconv.net\/pl\/wp-json\/wp\/v2\/media\/15884"}],"wp:attachment":[{"href":"https:\/\/www.ofmconv.net\/pl\/wp-json\/wp\/v2\/media?parent=15888"}],"wp:term":[{"taxonomy":"category","embeddable":true,"href":"https:\/\/www.ofmconv.net\/pl\/wp-json\/wp\/v2\/categories?post=15888"},{"taxonomy":"post_tag","embeddable":true,"href":"https:\/\/www.ofmconv.net\/pl\/wp-json\/wp\/v2\/tags?post=15888"}],"curies":[{"name":"wp","href":"https:\/\/api.w.org\/{rel}","templated":true}]}}