{"id":16433,"date":"2019-07-06T10:11:30","date_gmt":"2019-07-06T08:11:30","guid":{"rendered":"https:\/\/ofmconv.net\/nuovo-segretario-generale-per-lanimazione-missionaria\/"},"modified":"2019-07-06T10:16:42","modified_gmt":"2019-07-06T08:16:42","slug":"nuovo-segretario-generale-per-lanimazione-missionaria","status":"publish","type":"post","link":"https:\/\/www.ofmconv.net\/pl\/nuovo-segretario-generale-per-lanimazione-missionaria\/","title":{"rendered":"Nowy sekretarz generalny ds. animacji misyjnej"},"content":{"rendered":"<p><strong>Minister generalny fr. Carlos Alberto TROVARELLI, po uzyskaniu zgody swojego Definitorium generalnego podczas sesji odbytej w dniu 14 czerwca 2019 r., mianowa\u0142 z dniem 28 czerwca fr. Dariusza MAZURKA na nowego Sekretarza generalnego ds. animacji misyjnej (SGAM).<\/strong><\/p>\n<p>Fr. Dariusz nale\u017cy do Prowincji \u015bw. Antoniego b\u0142. Jakuba Strzemi\u0119 w Polsce (Krak\u00f3w).<br \/>\nUrodzi\u0142 si\u0119 w Gdyni w 1967 r. \u015aluby wieczyste z\u0142o\u017cy\u0142 w 1998 r., a \u015bwi\u0119cenia kap\u0142a\u0144skie otrzyma\u0142 w 2000 r.<br \/>\nJest doktorem teologii w zakresie misjologii. W ostatnich latach pracowa\u0142 jako misjonarz w Peru. Pe\u0142ni\u0142 te\u017c tam funkcj\u0119 delegata prowincja\u0142a prowincji krakowskiej, do kt\u00f3rej nale\u017cy jurysdykcja w Peru.<br \/>\nOd 1 grudnia 2019 r. zamieszka w klasztorze \u015bw. Maksymiliana M. KOLBEGO w Rzymie.<br \/>\nNa urz\u0119dzie zast\u0105pi\u0142 fr. Jaros\u0142awa WYSOCZA\u0143SKIEGO, kt\u00f3ry pe\u0142ni\u0142 go przez ostatnie dwana\u015bcie lat.<\/p>\n<p style=\"text-align: right;\">Fr. Tomasz SZYMCZAK, sekretarz generalny<\/p>\nngg_shortcode_0_placeholder\n","protected":false},"excerpt":{"rendered":"<p>Minister generalny fr. Carlos Alberto TROVARELLI, po uzyskaniu zgody swojego Definitorium generalnego podczas sesji odbytej w dniu 14 czerwca 2019 r., mianowa\u0142 z dniem 28 czerwca fr. Dariusza MAZURKA na nowego Sekretarza generalnego ds. animacji misyjnej (SGAM). Fr. Dariusz nale\u017cy do Prowincji \u015bw. Antoniego b\u0142. Jakuba Strzemi\u0119 w Polsce (Krak\u00f3w). Urodzi\u0142 si\u0119 w Gdyni w [&hellip;]<\/p>\n","protected":false},"author":1,"featured_media":16429,"comment_status":"closed","ping_status":"open","sticky":false,"template":"","format":"standard","meta":{"ngg_post_thumbnail":0,"footnotes":""},"categories":[140,130,134,149],"tags":[1799,1524],"class_list":["post-16433","post","type-post","status-publish","format-standard","has-post-thumbnail","category-sekretariat-generalny","category-sgam-pl","category-urzedy-generalne","category-wiadomosci","tag-nomina-pl","tag-nominacja"],"_links":{"self":[{"href":"https:\/\/www.ofmconv.net\/pl\/wp-json\/wp\/v2\/posts\/16433","targetHints":{"allow":["GET"]}}],"collection":[{"href":"https:\/\/www.ofmconv.net\/pl\/wp-json\/wp\/v2\/posts"}],"about":[{"href":"https:\/\/www.ofmconv.net\/pl\/wp-json\/wp\/v2\/types\/post"}],"author":[{"embeddable":true,"href":"https:\/\/www.ofmconv.net\/pl\/wp-json\/wp\/v2\/users\/1"}],"replies":[{"embeddable":true,"href":"https:\/\/www.ofmconv.net\/pl\/wp-json\/wp\/v2\/comments?post=16433"}],"version-history":[{"count":0,"href":"https:\/\/www.ofmconv.net\/pl\/wp-json\/wp\/v2\/posts\/16433\/revisions"}],"wp:featuredmedia":[{"embeddable":true,"href":"https:\/\/www.ofmconv.net\/pl\/wp-json\/wp\/v2\/media\/16429"}],"wp:attachment":[{"href":"https:\/\/www.ofmconv.net\/pl\/wp-json\/wp\/v2\/media?parent=16433"}],"wp:term":[{"taxonomy":"category","embeddable":true,"href":"https:\/\/www.ofmconv.net\/pl\/wp-json\/wp\/v2\/categories?post=16433"},{"taxonomy":"post_tag","embeddable":true,"href":"https:\/\/www.ofmconv.net\/pl\/wp-json\/wp\/v2\/tags?post=16433"}],"curies":[{"name":"wp","href":"https:\/\/api.w.org\/{rel}","templated":true}]}}