{"id":16676,"date":"2019-07-15T08:21:25","date_gmt":"2019-07-15T06:21:25","guid":{"rendered":"https:\/\/ofmconv.net\/spagna-capitolo-spirituale\/"},"modified":"2019-07-15T08:26:06","modified_gmt":"2019-07-15T06:26:06","slug":"spagna-capitolo-spirituale","status":"publish","type":"post","link":"https:\/\/www.ofmconv.net\/pl\/spagna-capitolo-spirituale\/","title":{"rendered":"Hiszpania: kapitu\u0142a duchowa"},"content":{"rendered":"<p><strong>W kapucy\u0144skim centrum duchowo\u015bci \u201eCristo de El Pardo\u201d w Madrycie mia\u0142a miejsce kapitu\u0142a duchowa Prowincji Naszej Pani z Montserrat w Hiszpanii Braci Mniejszych Konwentualnych. Spotkanie pod has\u0142em: \u201eAby lepiej \u017cy\u0107 \u015bwi\u0119t\u0105 Ewangeli\u0105: spojrzenie na odnowione konstytucje\u201d odby\u0142o si\u0119 w dniach od 1 do 3 lipca 2019 roku.<\/strong><\/p>\n<p>Zakonnicy zapoznali si\u0119 lepiej z historycznym znaczeniem dotychczasowych Konstytucji Zakonu OFMConv. Kwesti\u0119 t\u0119 w referacie pt. \u201eSk\u0105d pochodzimy i gdzie jeste\u015bmy? Historyczny przegl\u0105d Konstytucji\u201d przedstawi\u0142 fr. Valent\u00edn REDONDO.<br \/>\nFr. V\u00edctor MORA MES\u00c9N wprowadzi\u0142 uczestnik\u00f3w w nowe elementy zatwierdzonego tekstu odnowionych Konstytucji, w referacie pt. \u201eJaka nowo\u015b\u0107? Podstawowe intuicje nowego tekstu\u201d.<br \/>\nKolejny prelegent fr. Joaqu\u00edn AGESTA QUEVAS, dotychczasowy asystent generalny FIMP, wyg\u0142osi\u0142 konferencj\u0119 pt.: \u201eOd listu do \u017cycia: wcielenie tekstu w rzeczywisto\u015b\u0107 FIMP\u201d.<br \/>\nZ kolei fr. Francesco RAVAIOLI, wskaza\u0142 na wyzwania, kt\u00f3re stoj\u0105 przed franciszkanami konwentualnymi w XXI w. Temat jego wyst\u0105pienia brzmia\u0142: \u201eO\u015bmieli\u0107 si\u0119 marzy\u0107. Bracia Mniejsi XXI wieku\u201d.<br \/>\nPo referatach by\u0142 czas na kr\u00f3tkie wyst\u0105pienia delegat\u00f3w i uczestnik\u00f3w niedawno zako\u0144czonej Kapitu\u0142y generalnej zwyczajnej.<br \/>\nOstatnim elementem spotkania by\u0142o dzielenie si\u0119 do\u015bwiadczeniem prowincji hiszpa\u0144skiej w ramach federacji FIMP.<\/p>\n<p style=\"text-align: right;\">Fr. Miguel \u00c1ngel MARCOS MARCOS, sekretarz prowincji<\/p>\nngg_shortcode_0_placeholder\n","protected":false},"excerpt":{"rendered":"<p>W kapucy\u0144skim centrum duchowo\u015bci \u201eCristo de El Pardo\u201d w Madrycie mia\u0142a miejsce kapitu\u0142a duchowa Prowincji Naszej Pani z Montserrat w Hiszpanii Braci Mniejszych Konwentualnych. Spotkanie pod has\u0142em: \u201eAby lepiej \u017cy\u0107 \u015bwi\u0119t\u0105 Ewangeli\u0105: spojrzenie na odnowione konstytucje\u201d odby\u0142o si\u0119 w dniach od 1 do 3 lipca 2019 roku. Zakonnicy zapoznali si\u0119 lepiej z historycznym znaczeniem dotychczasowych [&hellip;]<\/p>\n","protected":false},"author":1,"featured_media":16672,"comment_status":"closed","ping_status":"open","sticky":false,"template":"","format":"standard","meta":{"ngg_post_thumbnail":0,"footnotes":""},"categories":[131,118,149],"tags":[897,1048,896],"class_list":["post-16676","post","type-post","status-publish","format-standard","has-post-thumbnail","category-federacje","category-fimp-pl","category-wiadomosci","tag-hiszpania","tag-kapitula-duchowa","tag-spagna-pl"],"_links":{"self":[{"href":"https:\/\/www.ofmconv.net\/pl\/wp-json\/wp\/v2\/posts\/16676","targetHints":{"allow":["GET"]}}],"collection":[{"href":"https:\/\/www.ofmconv.net\/pl\/wp-json\/wp\/v2\/posts"}],"about":[{"href":"https:\/\/www.ofmconv.net\/pl\/wp-json\/wp\/v2\/types\/post"}],"author":[{"embeddable":true,"href":"https:\/\/www.ofmconv.net\/pl\/wp-json\/wp\/v2\/users\/1"}],"replies":[{"embeddable":true,"href":"https:\/\/www.ofmconv.net\/pl\/wp-json\/wp\/v2\/comments?post=16676"}],"version-history":[{"count":0,"href":"https:\/\/www.ofmconv.net\/pl\/wp-json\/wp\/v2\/posts\/16676\/revisions"}],"wp:featuredmedia":[{"embeddable":true,"href":"https:\/\/www.ofmconv.net\/pl\/wp-json\/wp\/v2\/media\/16672"}],"wp:attachment":[{"href":"https:\/\/www.ofmconv.net\/pl\/wp-json\/wp\/v2\/media?parent=16676"}],"wp:term":[{"taxonomy":"category","embeddable":true,"href":"https:\/\/www.ofmconv.net\/pl\/wp-json\/wp\/v2\/categories?post=16676"},{"taxonomy":"post_tag","embeddable":true,"href":"https:\/\/www.ofmconv.net\/pl\/wp-json\/wp\/v2\/tags?post=16676"}],"curies":[{"name":"wp","href":"https:\/\/api.w.org\/{rel}","templated":true}]}}