{"id":17853,"date":"2019-09-06T12:21:41","date_gmt":"2019-09-06T10:21:41","guid":{"rendered":"https:\/\/ofmconv.net\/calabria-capitolo-custodiale-ordinario-parte-i\/"},"modified":"2019-09-06T12:25:06","modified_gmt":"2019-09-06T10:25:06","slug":"calabria-capitolo-custodiale-ordinario-parte-i","status":"publish","type":"post","link":"https:\/\/www.ofmconv.net\/pl\/calabria-capitolo-custodiale-ordinario-parte-i\/","title":{"rendered":"Kalabria: kapitu\u0142a kustodialna zwyczajna \u2013 cz\u0119\u015b\u0107 I"},"content":{"rendered":"<p><strong>W dniach 2-5 wrze\u015bnia 2019 r. w o\u015brodku hotelowym \u201eLa Tonnara\u201d w Amantea (CS) odby\u0142a si\u0119 kapitu\u0142a kustodialna zwyczajna kustodii prowincjalnej \u015bwi\u0119tych Daniela i towarzyszy m\u0119czennik\u00f3w we W\u0142oszech (Kalabria).<\/strong><\/p>\n<p>Obradom przewodniczy\u0142 minister prowincjalny z Neapolu fr. Cosimo M. Michele ANTONINO, kt\u00f3rego wspomaga\u0142 asystent generalny FIMP (Federazione Intermediterranea Ministri Provinciali) fr. Giovanni VOLTAN. Byli r\u00f3wnie\u017c obecni poprzedni asystent generalny FIMP fr. Joaqu\u00edn \u00c1ngel AGESTA CUEVAS, sekretarz prowincji neapolita\u0144skiej fr. Giorgio TUFANO i prokurator generalny Zakonu fr. Maurizio DI PAOLO.<br \/>\nPierwsze chwile zosta\u0142y po\u015bwi\u0119cone na refleksj\u0119 duchow\u0105 podj\u0119t\u0105 przez fr. Ippolito FORTINO OFMCap w konferencji pt. \u201eBy\u0107 dla innych i z innymi jako w\u0119drowcy, \u00abpielgrzymi i obcy na tym zmiennym \u015bwiecie\u00bb (Regu\u0142a zatwierdzona, VI, 2)\u201d. Na pocz\u0105tku prac kapitulnych odczytano list nades\u0142any do braci z Kalabrii przez fr. Gaspare LA BARBERA, ministra prowincjalnego prowincji \u015bwi\u0119tych Agaty i \u0141ucji we W\u0142oszech (Sycylia). Po przeczytaniu sprawozda\u0144 przewidzianych przez dyrektorium i wymianie opinii, zatwierdzono wytyczne dla prac na drugiej cz\u0119\u015bci kapitu\u0142y i do czteroletniego planu kustodialnego.<br \/>\nZ kolei prokurator generalny przedstawi\u0142 procedur\u0119, jak\u0105 w \u015bwietle wniosku nr 15 ostatniej kapitu\u0142y generalnej zwyczajnej b\u0119d\u0105 musieli spe\u0142ni\u0107 zar\u00f3wno kustodia kalabryjska, jak i prowincja sycylijska, zmierzaj\u0105ce do po\u0142\u0105czenia.<br \/>\nW dniu 4 wrze\u015bnia odby\u0142y si\u0119 wybory kustosza prowincjalnego, kt\u00f3rym znaczn\u0105 wi\u0119kszo\u015bci\u0105 g\u0142os\u00f3w zosta\u0142 fr. Giorgio M. TASSONE. Z kolei fr. Paolo SERGI wybrano wikariuszem kustodii i definitorem, fr. Piotra ANZULEWICZA \u2013 sekretarzem kustodii i definitorem, fr. Ilario SCALI \u2013 definitorem, fr. Rocco PREDOTI \u2013 definitorem.<br \/>\nW ostatnim dniu kapitu\u0142a spotka\u0142a si\u0119 z fr. Gaspare LA BARBERA, ministrem prowincjalnym, Cec\u00e8 ALAMPI, ministrem regionalnym FZ\u015a, Giuseppe IEPPARIELLO, przewodnicz\u0105cym regionalnym M\u0142odzie\u017cy Franciszka\u0144skiej.<br \/>\nDrug\u0105 cz\u0119\u015b\u0107 kapitu\u0142y zwo\u0142ano na 7 pa\u017adziernika 2019 r.<\/p>\n<p style=\"text-align: right;\">Fr. Rocco PREDOTI, sekretarz kapitu\u0142y<\/p>\nngg_shortcode_0_placeholder\n","protected":false},"excerpt":{"rendered":"<p>W dniach 2-5 wrze\u015bnia 2019 r. w o\u015brodku hotelowym \u201eLa Tonnara\u201d w Amantea (CS) odby\u0142a si\u0119 kapitu\u0142a kustodialna zwyczajna kustodii prowincjalnej \u015bwi\u0119tych Daniela i towarzyszy m\u0119czennik\u00f3w we W\u0142oszech (Kalabria). Obradom przewodniczy\u0142 minister prowincjalny z Neapolu fr. Cosimo M. Michele ANTONINO, kt\u00f3rego wspomaga\u0142 asystent generalny FIMP (Federazione Intermediterranea Ministri Provinciali) fr. Giovanni VOLTAN. Byli r\u00f3wnie\u017c obecni [&hellip;]<\/p>\n","protected":false},"author":1,"featured_media":17849,"comment_status":"closed","ping_status":"open","sticky":false,"template":"","format":"standard","meta":{"ngg_post_thumbnail":0,"footnotes":""},"categories":[131,118,149],"tags":[1821,193,696,1823],"class_list":["post-17853","post","type-post","status-publish","format-standard","has-post-thumbnail","category-federacje","category-fimp-pl","category-wiadomosci","tag-italia-calabria-pl","tag-kapitula","tag-wlochy","tag-wlochy-kalabria"],"_links":{"self":[{"href":"https:\/\/www.ofmconv.net\/pl\/wp-json\/wp\/v2\/posts\/17853","targetHints":{"allow":["GET"]}}],"collection":[{"href":"https:\/\/www.ofmconv.net\/pl\/wp-json\/wp\/v2\/posts"}],"about":[{"href":"https:\/\/www.ofmconv.net\/pl\/wp-json\/wp\/v2\/types\/post"}],"author":[{"embeddable":true,"href":"https:\/\/www.ofmconv.net\/pl\/wp-json\/wp\/v2\/users\/1"}],"replies":[{"embeddable":true,"href":"https:\/\/www.ofmconv.net\/pl\/wp-json\/wp\/v2\/comments?post=17853"}],"version-history":[{"count":0,"href":"https:\/\/www.ofmconv.net\/pl\/wp-json\/wp\/v2\/posts\/17853\/revisions"}],"wp:featuredmedia":[{"embeddable":true,"href":"https:\/\/www.ofmconv.net\/pl\/wp-json\/wp\/v2\/media\/17849"}],"wp:attachment":[{"href":"https:\/\/www.ofmconv.net\/pl\/wp-json\/wp\/v2\/media?parent=17853"}],"wp:term":[{"taxonomy":"category","embeddable":true,"href":"https:\/\/www.ofmconv.net\/pl\/wp-json\/wp\/v2\/categories?post=17853"},{"taxonomy":"post_tag","embeddable":true,"href":"https:\/\/www.ofmconv.net\/pl\/wp-json\/wp\/v2\/tags?post=17853"}],"curies":[{"name":"wp","href":"https:\/\/api.w.org\/{rel}","templated":true}]}}