{"id":18015,"date":"2019-09-12T17:06:00","date_gmt":"2019-09-12T15:06:00","guid":{"rendered":"https:\/\/ofmconv.net\/il-pro-vicario-uninterpretazione-autentica-delle-costituzioni\/"},"modified":"2019-11-09T10:56:32","modified_gmt":"2019-11-09T09:56:32","slug":"il-pro-vicario-uninterpretazione-autentica-delle-costituzioni","status":"publish","type":"post","link":"https:\/\/www.ofmconv.net\/pl\/il-pro-vicario-uninterpretazione-autentica-delle-costituzioni\/","title":{"rendered":"Prowikariusz: autentyczna interpretacja Konstytucji"},"content":{"rendered":"<p><strong>Zdarza si\u0119 w przypadku ustania w\u0142adzy ministra prowincjalnego, \u017ce wikariusz prowincji obejmuje urz\u0105d, zachowuj\u0105c tytu\u0142 wikariusza do czasu kapitu\u0142y zwyczajnej (Konstytucje, nr 218). <\/strong><\/p>\n<p>Powstaje spontaniczne pytanie: kto pe\u0142ni urz\u0105d wikariusza prowincji, skoro zosta\u0142 on prze\u0142o\u017conym prowincjalnym i jest wikariuszem sprawuj\u0105cym w\u0142adz\u0119?<br \/>\nW odniesieniu do innych wakuj\u0105cych urz\u0119d\u00f3w Konstytucje stanowi\u0105, \u017ce \u201eje\u017celi urz\u0105d zostanie opr\u00f3\u017cniony poza kapitu\u0142\u0105, na mocy samego prawa obejmuj\u0105 go wikariusze na czas do nowego wyboru; inne za\u015b urz\u0119dy nadaje w\u0142a\u015bciwy minister ze swoim definitorium\u201d (Konstytucje, nr 190 \u00a71).<br \/>\nZe wzgl\u0119du na pojawiaj\u0105ce si\u0119 w\u0105tpliwo\u015bci prokuratura \u2013 z upowa\u017cnienia ministra generalnego \u2013 uzna\u0142a za w\u0142a\u015bciwe zwr\u00f3ci\u0107 si\u0119 do Kongregacji ds. Instytut\u00f3w \u017bycia Konsekrowanego i Stowarzysze\u0144 \u017bycia Apostolskiego o autorytatywn\u0105 interpretacj\u0119, dotycz\u0105c\u0105 mo\u017cliwo\u015bci mianowania w tych przypadkach \u201eprowikariusza\u201d.<br \/>\nArcybiskup Sekretarz udzieli\u0142 odpowiedzi pismem z dnia 27 sierpnia 2019 r., w kt\u00f3rym potwierdza, \u017ce urz\u0105d \u201eprowikariusza\u201d jest zgodny z przepisami prawa w\u0142asnego i powszechnego, i dodaje, \u017ce \u201eo jego powo\u0142anie zadba minister generalny ze swoim definitorium\u201d (Prot. 44 938\/2018).<br \/>\nW zwi\u0105zku z tym prowincje, kt\u00f3re obecnie nie maj\u0105 ministra prowincjalnego, lecz s\u0105 zarz\u0105dzane przez wikariusza prowincji, mog\u0105 za po\u015brednictwem prze\u0142o\u017conych prowincjalnych przedstawi\u0107 jednego lub wi\u0119cej definitor\u00f3w, odpowiednich do sprawowania urz\u0119du \u201eprowikariusza\u201d, a\u017ceby minister generalny ze swoim definitorium przyst\u0105pi\u0142 do dokonania wyboru.<br \/>\nTak\u0105 sam\u0105 procedur\u0119 mo\u017cna zastosowa\u0107 do kustodii, gdy prze\u0142o\u017ceni kustodialni zwr\u00f3c\u0105 si\u0119 do w\u0142asnego ministra prowincjalnego, kt\u00f3ry wraz ze swoim definitorium wybierze \u201eprowikariusza\u201d kustodii.<br \/>\nZb\u0119dne jest przypomnienie, \u017ce wybrany \u201eprowikariusz\u201d b\u0119dzie posiada\u0142 w\u0142adz\u0119 zwyczajn\u0105, staj\u0105c si\u0119 pe\u0142noprawnym wikariuszem prze\u0142o\u017conego wy\u017cszego (KPK, kan. 134 \u00a71).<\/p>\n<p style=\"text-align: right;\">Fr. Maurizio DI PAOLO<br \/>\nprokurator generalny<\/p>\n<p><!-- index.php --><\/p>\n<div id=\"ngg-gallery-726bf2dd78ae208582d8d459e4b4c38a-1\" class=\"ngg-galleryoverview ngg-ajax-pagination-none\">\n<p><!-- Thumbnails --><\/p>\n<div id=\"ngg-image-0\" class=\"ngg-gallery-thumbnail-box\">\n<div class=\"ngg-gallery-thumbnail\"><a class=\"ngg-fancybox\" title=\"\" href=\"https:\/\/ofmconv.net\/img\/galerie\/2019\/09-12-procuratore\/procu.jpg\" rel=\"726bf2dd78ae208582d8d459e4b4c38a\" data-src=\"https:\/\/ofmconv.net\/img\/galerie\/2019\/09-12-procuratore\/procu.jpg\" data-thumbnail=\"https:\/\/ofmconv.net\/img\/galerie\/2019\/09-12-procuratore\/thumbs\/thumbs_procu.jpg\" data-image-id=\"10143\" data-title=\"procu\" data-description=\"\" data-image-slug=\"procu\" data-original-title=\"\"><br \/>\n<img loading=\"lazy\" decoding=\"async\" style=\"max-width: 100%;\" title=\"procu\" src=\"https:\/\/ofmconv.net\/img\/galerie\/2019\/09-12-procuratore\/cache\/procu.jpg-nggid0510143-ngg0dyn-150x150x100-00f0w010c011r110f110r010t010.jpg\" alt=\"procu\" width=\"150\" height=\"150\"><br \/>\n<\/a><\/div>\n<\/div>\n<div class=\"ngg-clear\">&nbsp;<\/div>\n<\/div>\n","protected":false},"excerpt":{"rendered":"<p>Zdarza si\u0119 w przypadku ustania w\u0142adzy ministra prowincjalnego, \u017ce wikariusz prowincji obejmuje urz\u0105d, zachowuj\u0105c tytu\u0142 wikariusza do czasu kapitu\u0142y zwyczajnej (Konstytucje, nr 218). Powstaje spontaniczne pytanie: kto pe\u0142ni urz\u0105d wikariusza prowincji, skoro zosta\u0142 on prze\u0142o\u017conym prowincjalnym i jest wikariuszem sprawuj\u0105cym w\u0142adz\u0119? W odniesieniu do innych wakuj\u0105cych urz\u0119d\u00f3w Konstytucje stanowi\u0105, \u017ce \u201eje\u017celi urz\u0105d zostanie opr\u00f3\u017cniony poza [&hellip;]<\/p>\n","protected":false},"author":1,"featured_media":18011,"comment_status":"closed","ping_status":"open","sticky":false,"template":"","format":"standard","meta":{"ngg_post_thumbnail":0,"footnotes":""},"categories":[144,1973,134,149],"tags":[862,1884,1616],"class_list":["post-18015","post","type-post","status-publish","format-standard","has-post-thumbnail","category-ufficio-comunicazioni-pl","category-prokurator","category-urzedy-generalne","category-wiadomosci","tag-konstytucje","tag-procuratore-pl","tag-prokurator"],"_links":{"self":[{"href":"https:\/\/www.ofmconv.net\/pl\/wp-json\/wp\/v2\/posts\/18015","targetHints":{"allow":["GET"]}}],"collection":[{"href":"https:\/\/www.ofmconv.net\/pl\/wp-json\/wp\/v2\/posts"}],"about":[{"href":"https:\/\/www.ofmconv.net\/pl\/wp-json\/wp\/v2\/types\/post"}],"author":[{"embeddable":true,"href":"https:\/\/www.ofmconv.net\/pl\/wp-json\/wp\/v2\/users\/1"}],"replies":[{"embeddable":true,"href":"https:\/\/www.ofmconv.net\/pl\/wp-json\/wp\/v2\/comments?post=18015"}],"version-history":[{"count":0,"href":"https:\/\/www.ofmconv.net\/pl\/wp-json\/wp\/v2\/posts\/18015\/revisions"}],"wp:featuredmedia":[{"embeddable":true,"href":"https:\/\/www.ofmconv.net\/pl\/wp-json\/wp\/v2\/media\/18011"}],"wp:attachment":[{"href":"https:\/\/www.ofmconv.net\/pl\/wp-json\/wp\/v2\/media?parent=18015"}],"wp:term":[{"taxonomy":"category","embeddable":true,"href":"https:\/\/www.ofmconv.net\/pl\/wp-json\/wp\/v2\/categories?post=18015"},{"taxonomy":"post_tag","embeddable":true,"href":"https:\/\/www.ofmconv.net\/pl\/wp-json\/wp\/v2\/tags?post=18015"}],"curies":[{"name":"wp","href":"https:\/\/api.w.org\/{rel}","templated":true}]}}