{"id":18062,"date":"2019-09-14T14:31:16","date_gmt":"2019-09-14T12:31:16","guid":{"rendered":"https:\/\/ofmconv.net\/canada-capitolo-custodiale-a-montreal-parte-i\/"},"modified":"2019-09-14T14:36:06","modified_gmt":"2019-09-14T12:36:06","slug":"canada-capitolo-custodiale-a-montreal-parte-i","status":"publish","type":"post","link":"https:\/\/www.ofmconv.net\/pl\/canada-capitolo-custodiale-a-montreal-parte-i\/","title":{"rendered":"Kanada: kapitu\u0142a kustodialna w Montrealu \u2013 cz\u0119\u015b\u0107 I"},"content":{"rendered":"<p><strong>Od 10 do 12 wrze\u015bnia 2019 r. zakonnicy z kustodii prowincjalnej \u015bw. Maksymiliana M. Kolbego w Kanadzie spotkali si\u0119 w klasztorze Matki Bo\u017cej Cz\u0119stochowskiej na kapitule zwyczajnej.<\/strong><\/p>\n<p>Obradom przewodniczy\u0142 fr. Tomasz RY\u0141KO, wikariusz prowincji \u015bw. Maksymiliana M. Kolbego w Polsce (Gda\u0144sk), a wzi\u0105\u0142 w nich udzia\u0142 tak\u017ce fr. Jude WINKLER, asystent generalny CFF (Conventual Franciscan Federation).<br \/>\nKustodia posiada trzy klasztory i jeden dom filialny w Montrealu, a ponadto bracia s\u0105 obecni w trzech klasztorach w Stanach Zjednoczonych (Clifton \u2013 New Jersey, Bridgeport \u2013 Connecticut i Boston \u2013 Massachusetts). Powierzono im szczeg\u00f3lnie opiek\u0119 duchow\u0105 nad polskimi migrantami w Kanadzie i w Stanach Zjednoczonych.<br \/>\nFr. J\u00f3zef B\u0141ASZAK zosta\u0142 potwierdzony jako kustosz na drug\u0105 kadencj\u0119, za\u015b fr. Dariusza SZURKO wybrano wikariuszem kustodialnym. Pozostali cz\u0142onkowie definitorium to: fr. W\u0142adys\u0142aw MATEJEK, fr. Jan \u0141EMPICKI i fr. Wac\u0142aw SOKO\u0141OWSKI. Fr. W\u0142adys\u0142aw MATEJEK zosta\u0142 r\u00f3wnie\u017c wybrany ekonomem i poborc\u0105 kustodii.<br \/>\nDruga cz\u0119\u015b\u0107 kapitu\u0142y rozpocznie si\u0119 17 wrze\u015bnia.<\/p>\n<p style=\"text-align: right;\">Fr. Jude WINKLER, asystent generalny CFF<\/p>\nngg_shortcode_0_placeholder\n","protected":false},"excerpt":{"rendered":"<p>Od 10 do 12 wrze\u015bnia 2019 r. zakonnicy z kustodii prowincjalnej \u015bw. Maksymiliana M. Kolbego w Kanadzie spotkali si\u0119 w klasztorze Matki Bo\u017cej Cz\u0119stochowskiej na kapitule zwyczajnej. Obradom przewodniczy\u0142 fr. Tomasz RY\u0141KO, wikariusz prowincji \u015bw. Maksymiliana M. Kolbego w Polsce (Gda\u0144sk), a wzi\u0105\u0142 w nich udzia\u0142 tak\u017ce fr. Jude WINKLER, asystent generalny CFF (Conventual Franciscan [&hellip;]<\/p>\n","protected":false},"author":1,"featured_media":18058,"comment_status":"closed","ping_status":"open","sticky":false,"template":"","format":"standard","meta":{"ngg_post_thumbnail":0,"footnotes":""},"categories":[104,131,149],"tags":[1663,1057,1666,193],"class_list":["post-18062","post","type-post","status-publish","format-standard","has-post-thumbnail","category-cff-pl","category-federacje","category-wiadomosci","tag-canada-pl","tag-capitolo-pl","tag-kanada","tag-kapitula"],"_links":{"self":[{"href":"https:\/\/www.ofmconv.net\/pl\/wp-json\/wp\/v2\/posts\/18062","targetHints":{"allow":["GET"]}}],"collection":[{"href":"https:\/\/www.ofmconv.net\/pl\/wp-json\/wp\/v2\/posts"}],"about":[{"href":"https:\/\/www.ofmconv.net\/pl\/wp-json\/wp\/v2\/types\/post"}],"author":[{"embeddable":true,"href":"https:\/\/www.ofmconv.net\/pl\/wp-json\/wp\/v2\/users\/1"}],"replies":[{"embeddable":true,"href":"https:\/\/www.ofmconv.net\/pl\/wp-json\/wp\/v2\/comments?post=18062"}],"version-history":[{"count":0,"href":"https:\/\/www.ofmconv.net\/pl\/wp-json\/wp\/v2\/posts\/18062\/revisions"}],"wp:featuredmedia":[{"embeddable":true,"href":"https:\/\/www.ofmconv.net\/pl\/wp-json\/wp\/v2\/media\/18058"}],"wp:attachment":[{"href":"https:\/\/www.ofmconv.net\/pl\/wp-json\/wp\/v2\/media?parent=18062"}],"wp:term":[{"taxonomy":"category","embeddable":true,"href":"https:\/\/www.ofmconv.net\/pl\/wp-json\/wp\/v2\/categories?post=18062"},{"taxonomy":"post_tag","embeddable":true,"href":"https:\/\/www.ofmconv.net\/pl\/wp-json\/wp\/v2\/tags?post=18062"}],"curies":[{"name":"wp","href":"https:\/\/api.w.org\/{rel}","templated":true}]}}