{"id":18129,"date":"2019-09-16T10:13:27","date_gmt":"2019-09-16T08:13:27","guid":{"rendered":"https:\/\/ofmconv.net\/malta-capitolo-provinciale-ordinario-parte-i\/"},"modified":"2019-09-16T10:18:15","modified_gmt":"2019-09-16T08:18:15","slug":"malta-capitolo-provinciale-ordinario-parte-i","status":"publish","type":"post","link":"https:\/\/www.ofmconv.net\/pl\/malta-capitolo-provinciale-ordinario-parte-i\/","title":{"rendered":"Malta: kapitu\u0142a prowincjalna zwyczajna \u2013 cz\u0119\u015b\u0107 I"},"content":{"rendered":"<p><strong>Od 9 do 13 wrze\u015bnia 2019 r. we franciszka\u0144skim centrum kultury w Birkirkara prowincja \u015bw. Paw\u0142a Aposto\u0142a na Malcie odby\u0142a pierwsz\u0105 cz\u0119\u015b\u0107 XXX kapitu\u0142y prowincjalnej zwyczajnej.<\/strong><\/p>\n<p>Obradom przewodniczy\u0142 minister generalny fr. Carlos Alberto TROVARELLI. Obecny by\u0142 fr. Giovanni VOLTAN, asystent generalny FIMP (Federazione Intermediterranea Ministri Provinciali). Sw\u00f3j wk\u0142ad wni\u00f3s\u0142 r\u00f3wnie\u017c by\u0142y asystent generalny FIMP fr. Joaqu\u00edn \u00c1ngel AGESTA CUEVAS.<br \/>\nKapitu\u0142a rozpocz\u0119\u0142a si\u0119 Msz\u0105 \u015bw. pod przewodnictwem abp. Charles J. SCICLUNA, arcybiskupa Malty. W auli kapitulnej obrady otworzy\u0142 minister generalny, a fr. Elija VELLA poprowadzi\u0142 rozwa\u017canie na temat rozeznania. W kolejnych dniach przed\u0142o\u017cono sprawozdania z ostatniego czterolecia. P\u00f3\u017aniej mia\u0142a miejsce praca w grupach i dyskusja na posiedzeniu og\u00f3lnym. Po po\u0142udniu w \u015brod\u0119 11 wrze\u015bnia ministrem prowincjalnym zosta\u0142 wybrany fr. Colin Charles SAMMUT (pierwsza kadencja). Nast\u0119pnego dnia powo\u0142ano definitorium prowincjalne w sk\u0142adzie: fr. Paul DARMANIN (wikariusz), fr. Christian Anthony BORG (sekretarz), fr. Elija VELLA, fr. Alfred CALLEJA i fr. Joseph Maria XERRI (definitorzy). Ponadto ekonomem zosta\u0142 fr. David BORG, a poborc\u0105 fr. Christian Anthony BORG.<br \/>\nDruga cz\u0119\u015b\u0107 kapitu\u0142y prowincjalnej odb\u0119dzie si\u0119 w dniach 7-11 pa\u017adziernika 2019 r.<\/p>\n<p style=\"text-align: right;\">Fr. Allister M. AQUILINA, sekretarz kapitu\u0142y<\/p>\nngg_shortcode_0_placeholder\n","protected":false},"excerpt":{"rendered":"<p>Od 9 do 13 wrze\u015bnia 2019 r. we franciszka\u0144skim centrum kultury w Birkirkara prowincja \u015bw. Paw\u0142a Aposto\u0142a na Malcie odby\u0142a pierwsz\u0105 cz\u0119\u015b\u0107 XXX kapitu\u0142y prowincjalnej zwyczajnej. Obradom przewodniczy\u0142 minister generalny fr. Carlos Alberto TROVARELLI. Obecny by\u0142 fr. Giovanni VOLTAN, asystent generalny FIMP (Federazione Intermediterranea Ministri Provinciali). Sw\u00f3j wk\u0142ad wni\u00f3s\u0142 r\u00f3wnie\u017c by\u0142y asystent generalny FIMP fr. [&hellip;]<\/p>\n","protected":false},"author":1,"featured_media":18125,"comment_status":"closed","ping_status":"open","sticky":false,"template":"","format":"standard","meta":{"ngg_post_thumbnail":0,"footnotes":""},"categories":[131,118,149],"tags":[1057,193,1163],"class_list":["post-18129","post","type-post","status-publish","format-standard","has-post-thumbnail","category-federacje","category-fimp-pl","category-wiadomosci","tag-capitolo-pl","tag-kapitula","tag-malta-pl"],"_links":{"self":[{"href":"https:\/\/www.ofmconv.net\/pl\/wp-json\/wp\/v2\/posts\/18129","targetHints":{"allow":["GET"]}}],"collection":[{"href":"https:\/\/www.ofmconv.net\/pl\/wp-json\/wp\/v2\/posts"}],"about":[{"href":"https:\/\/www.ofmconv.net\/pl\/wp-json\/wp\/v2\/types\/post"}],"author":[{"embeddable":true,"href":"https:\/\/www.ofmconv.net\/pl\/wp-json\/wp\/v2\/users\/1"}],"replies":[{"embeddable":true,"href":"https:\/\/www.ofmconv.net\/pl\/wp-json\/wp\/v2\/comments?post=18129"}],"version-history":[{"count":0,"href":"https:\/\/www.ofmconv.net\/pl\/wp-json\/wp\/v2\/posts\/18129\/revisions"}],"wp:featuredmedia":[{"embeddable":true,"href":"https:\/\/www.ofmconv.net\/pl\/wp-json\/wp\/v2\/media\/18125"}],"wp:attachment":[{"href":"https:\/\/www.ofmconv.net\/pl\/wp-json\/wp\/v2\/media?parent=18129"}],"wp:term":[{"taxonomy":"category","embeddable":true,"href":"https:\/\/www.ofmconv.net\/pl\/wp-json\/wp\/v2\/categories?post=18129"},{"taxonomy":"post_tag","embeddable":true,"href":"https:\/\/www.ofmconv.net\/pl\/wp-json\/wp\/v2\/tags?post=18129"}],"curies":[{"name":"wp","href":"https:\/\/api.w.org\/{rel}","templated":true}]}}