{"id":18296,"date":"2019-09-20T15:14:33","date_gmt":"2019-09-20T13:14:33","guid":{"rendered":"https:\/\/ofmconv.net\/gli-apostoli-filippo-e-giacomo-in-argentina\/"},"modified":"2019-09-20T15:19:03","modified_gmt":"2019-09-20T13:19:03","slug":"gli-apostoli-filippo-e-giacomo-in-argentina","status":"publish","type":"post","link":"https:\/\/www.ofmconv.net\/pl\/gli-apostoli-filippo-e-giacomo-in-argentina\/","title":{"rendered":"Aposto\u0142owie Filip i Jakub w Argentynie"},"content":{"rendered":"<p><strong>Od 6 do 15 wrze\u015bnia 2019 r., na zaproszenie arcybiskupa metropolity Mario CARGNELLO, za zgod\u0105 ministra generalnego fr. Carlosa Alberto TROVARELLI i z upowa\u017cnienia \u2013 napisanego odr\u0119cznie \u2013 papie\u017ca Franciszka, fr. Agnello STOIA, proboszcz bazyliki \u015bwi\u0119tych Dwunastu Aposto\u0142\u00f3w, zawi\u00f3z\u0142 do Salty w Argentynie dwie czcigodne relikwie aposto\u0142\u00f3w Filipa i Jakuba. <\/strong><\/p>\n<p>Z tej okazji wykonano dwie rze\u017aby z w\u0142\u00f3kna szklanego jako relikwiarze dla katedry, a s\u0105 one zainspirowane malowid\u0142ami dw\u00f3ch aposto\u0142\u00f3w zdobi\u0105cymi krypt\u0119 bazyliki: \u015bw. Filipa z koszem ryb i \u015bw. Jakuba z koszem chleba.<br \/>\nFilip i Jakub s\u0105 patronami miasta od czasu jego za\u0142o\u017cenia (1592 r.) i st\u0105d te\u017c god\u0142o katedry nosi motto <em>Pater et panis<\/em>. Otoczone pasmem And\u00f3w, o wysoko\u015bci ponad tysi\u0105ca metr\u00f3w, miasto to w ci\u0105gu swojej historii wiele razy ucierpia\u0142o z powodu silnych trz\u0119sie\u0144 ziemi, od kt\u00f3rych zawsze pozostawa\u0142o cudownie nietkni\u0119te. Szczeg\u00f3ln\u0105 ochron\u0119 przypisuje si\u0119 w\u0142a\u015bnie opiekuj\u0105cym si\u0119 patronom: <em>Virgen del milagro<\/em> (przedstawiona w obrazie Maryi Niepokalanej) i <em>Se\u00f1or del milagro<\/em> (obraz ukrzy\u017cowanego Chrystusa). Uroczyste \u015bwi\u0119to, poprzedzone nowenn\u0105 modlitewn\u0105 i pokutn\u0105, obchodzone jest od 13 do 15 wrze\u015bnia i gromadzi w Salta tysi\u0105ce pielgrzym\u00f3w, kt\u00f3rzy z g\u00f3r w\u0119druj\u0105 na pieszo setki kilometr\u00f3w. Z tego wzgl\u0119du arcybiskup zechcia\u0142, aby przybycie relikwii aposto\u0142\u00f3w zbieg\u0142o si\u0119 z t\u0105 wspania\u0142\u0105 manifestacj\u0105 wiary, ko\u0144cz\u0105c\u0105 si\u0119 procesj\u0105, w kt\u00f3rej uczestniczy \u015brednio 800 tys. wiernych.<br \/>\nDla abp. CARGNELLO przywr\u00f3cenie pami\u0119ci patron\u00f3w Filipa i Jakuba i w\u0142\u0105czenie jej w kontekst spo\u0142eczny stanowi okazj\u0119 do nowej ewangelizacji: tak jak w przesz\u0142o\u015bci Salty Filip i Jakub utorowali drog\u0119 Naj\u015bwi\u0119tszej Maryi Pannie i ukrzy\u017cowanemu Panu, tak samo w dzisiejszym trudnym dla ca\u0142ego kraju momencie historycznym obecno\u015b\u0107 ich relikwii wniesie w realia biedy i ogromnego niepokoju nowy zapa\u0142 misyjny w g\u0142oszeniu Ewangelii. Arcybiskup z wielk\u0105 serdeczno\u015bci\u0105 i wdzi\u0119czno\u015bci\u0105 przyj\u0105\u0142 fr. Agnello i towarzysz\u0105cemu mu w tej wyprawie fr. Simone SCHIAVONE z rzymskiej wsp\u00f3lnoty Dwunastu Aposto\u0142\u00f3w. Zaproponowa\u0142, aby odwiedzili ca\u0142e rozleg\u0142e terytorium i poznali jego pi\u0119kno, ale te\u017c zranienia. Towarzyszy\u0142 im w bardzo biednej dzielnicy Salty (<em>Grande Norte<\/em>), w parafii Naj\u015bwi\u0119tszej Maryi Panny Kr\u00f3lowej Pokoju, gdzie w domu wzniesionym z niewielu cegie\u0142 i przykrytym blach\u0105 odwiedzi\u0142 niepe\u0142nosprawne dziecko i jego rodzin\u0119. W ca\u0142ym tym widocznym ub\u00f3stwie l\u015bni\u0142o jednak poczucie godno\u015bci ludzkiej i przywi\u0105zanie do swojego biskupa jako jednego z nich.<br \/>\nPo uroczystej procesji, kt\u00f3ra zako\u0144czy\u0142a \u015bwi\u0119towanie, arcybiskup w obecno\u015bci 850 tys. os\u00f3b podzi\u0119kowa\u0142 \u2013 w imieniu duchowie\u0144stwa, zakonnik\u00f3w i ca\u0142ego ludu \u2013 ministrowi generalnemu i Zakonowi Braci Mniejszych Konwentualnych za cenny dar relikwii dla katedry i zapowiedzia\u0142 na przysz\u0142y rok pielgrzymk\u0119 do Rzymu, aby na znak komunii przekaza\u0107 do naszej bazyliki kopi\u0119 wizerunk\u00f3w <em>Se\u00f1or<\/em> i <em>Virgen del Milagro<\/em>.<\/p>\n<p style=\"text-align: right;\">Fr. Agnello STOIA<\/p>\nngg_shortcode_0_placeholder\n","protected":false},"excerpt":{"rendered":"<p>Od 6 do 15 wrze\u015bnia 2019 r., na zaproszenie arcybiskupa metropolity Mario CARGNELLO, za zgod\u0105 ministra generalnego fr. Carlosa Alberto TROVARELLI i z upowa\u017cnienia \u2013 napisanego odr\u0119cznie \u2013 papie\u017ca Franciszka, fr. Agnello STOIA, proboszcz bazyliki \u015bwi\u0119tych Dwunastu Aposto\u0142\u00f3w, zawi\u00f3z\u0142 do Salty w Argentynie dwie czcigodne relikwie aposto\u0142\u00f3w Filipa i Jakuba. Z tej okazji wykonano dwie [&hellip;]<\/p>\n","protected":false},"author":1,"featured_media":18292,"comment_status":"closed","ping_status":"open","sticky":false,"template":"","format":"standard","meta":{"ngg_post_thumbnail":0,"footnotes":""},"categories":[144,149],"tags":[1891,1894,1355],"class_list":["post-18296","post","type-post","status-publish","format-standard","has-post-thumbnail","category-ufficio-comunicazioni-pl","category-wiadomosci","tag-argentina-pl","tag-argentyna","tag-swietych-xii-apostolow"],"_links":{"self":[{"href":"https:\/\/www.ofmconv.net\/pl\/wp-json\/wp\/v2\/posts\/18296","targetHints":{"allow":["GET"]}}],"collection":[{"href":"https:\/\/www.ofmconv.net\/pl\/wp-json\/wp\/v2\/posts"}],"about":[{"href":"https:\/\/www.ofmconv.net\/pl\/wp-json\/wp\/v2\/types\/post"}],"author":[{"embeddable":true,"href":"https:\/\/www.ofmconv.net\/pl\/wp-json\/wp\/v2\/users\/1"}],"replies":[{"embeddable":true,"href":"https:\/\/www.ofmconv.net\/pl\/wp-json\/wp\/v2\/comments?post=18296"}],"version-history":[{"count":0,"href":"https:\/\/www.ofmconv.net\/pl\/wp-json\/wp\/v2\/posts\/18296\/revisions"}],"wp:featuredmedia":[{"embeddable":true,"href":"https:\/\/www.ofmconv.net\/pl\/wp-json\/wp\/v2\/media\/18292"}],"wp:attachment":[{"href":"https:\/\/www.ofmconv.net\/pl\/wp-json\/wp\/v2\/media?parent=18296"}],"wp:term":[{"taxonomy":"category","embeddable":true,"href":"https:\/\/www.ofmconv.net\/pl\/wp-json\/wp\/v2\/categories?post=18296"},{"taxonomy":"post_tag","embeddable":true,"href":"https:\/\/www.ofmconv.net\/pl\/wp-json\/wp\/v2\/tags?post=18296"}],"curies":[{"name":"wp","href":"https:\/\/api.w.org\/{rel}","templated":true}]}}