{"id":18635,"date":"2019-09-15T11:32:18","date_gmt":"2019-09-15T09:32:18","guid":{"rendered":"https:\/\/ofmconv.net\/giappone-assemblea-provinciale-2\/"},"modified":"2019-10-01T11:48:39","modified_gmt":"2019-10-01T09:48:39","slug":"giappone-assemblea-provinciale-2","status":"publish","type":"post","link":"https:\/\/www.ofmconv.net\/pl\/giappone-assemblea-provinciale-2\/","title":{"rendered":"Japonia: spotkanie prowincjalne"},"content":{"rendered":"<p><strong>Od 10 do 12 wrze\u015bnia 2019 r. prowincja Niepokalanego Pocz\u0119cia NMP w Japonii odby\u0142a spotkanie prowincjalne w klasztorze Seibo no Kishi w Nagasaki.<\/strong><\/p>\n<p>By\u0142o obecnych oko\u0142o 30 profes\u00f3w solemnych, a poza tym 4 profes\u00f3w czasowych, z kt\u00f3rych jeden 11 wrze\u015bnia z\u0142o\u017cy\u0142 profesj\u0119.<br \/>\nPierwszego dnia sekretarz prowincji fr. Lucas TANIZAKI przedstawi\u0142 uchwa\u0142y zatwierdzone na kapitule generalnej zwyczajnej 2019, a nast\u0119pnie zmiany w nowych Konstytucjach i w nowych Statutach generalnych.<br \/>\nW drugim dniu fr. Damian P\u0102TRA\u015eCU, postulator generalny, m\u00f3wi\u0142 o swojej pos\u0142udze i poda\u0142 aktualne informacje na temat procesu beatyfikacyjnego czcigodnej s\u0142ugi Bo\u017cej El\u017cbiety Marii Satoko Kitahara. Po po\u0142udniu zakonnik japo\u0144ski, fr. Hiroshi KONISHI OFM, om\u00f3wi\u0142 encyklik\u0119 papie\u017ca Franciszka <em>Laudato si<\/em>\u2019. Podczas Mszy \u015bw. profesj\u0119 czasow\u0105 z\u0142o\u017cy\u0142 fr. Giovanni Kaneko TAKAHIRO.<br \/>\nZ kolei na Mszy \u015bw. w ostatnim dniu obchodzono 50. rocznic\u0119 \u015bwi\u0119ce\u0144 kap\u0142a\u0144skich fr. Vincentius MATSUNAGA. W tych uroczysto\u015bciach uczestniczy\u0142 r\u00f3wnie\u017c biskup emeryt diecezji Naha, bp Berard Toshio OSHIKAWA OFMConv.<\/p>\n<p style=\"text-align: right;\">Fr. Benedetto BAEK, asystent generalny FAMC<\/p>\nngg_shortcode_0_placeholder\n","protected":false},"excerpt":{"rendered":"<p>Od 10 do 12 wrze\u015bnia 2019 r. prowincja Niepokalanego Pocz\u0119cia NMP w Japonii odby\u0142a spotkanie prowincjalne w klasztorze Seibo no Kishi w Nagasaki. By\u0142o obecnych oko\u0142o 30 profes\u00f3w solemnych, a poza tym 4 profes\u00f3w czasowych, z kt\u00f3rych jeden 11 wrze\u015bnia z\u0142o\u017cy\u0142 profesj\u0119. Pierwszego dnia sekretarz prowincji fr. Lucas TANIZAKI przedstawi\u0142 uchwa\u0142y zatwierdzone na kapitule generalnej [&hellip;]<\/p>\n","protected":false},"author":1,"featured_media":18631,"comment_status":"closed","ping_status":"open","sticky":false,"template":"","format":"standard","meta":{"ngg_post_thumbnail":0,"footnotes":""},"categories":[111,131,149],"tags":[1607,966,971,1240],"class_list":["post-18635","post","type-post","status-publish","format-standard","has-post-thumbnail","category-famc-pl","category-federacje","category-wiadomosci","tag-assemblea-pl","tag-giappone-pl","tag-japonia","tag-spotkanie"],"_links":{"self":[{"href":"https:\/\/www.ofmconv.net\/pl\/wp-json\/wp\/v2\/posts\/18635","targetHints":{"allow":["GET"]}}],"collection":[{"href":"https:\/\/www.ofmconv.net\/pl\/wp-json\/wp\/v2\/posts"}],"about":[{"href":"https:\/\/www.ofmconv.net\/pl\/wp-json\/wp\/v2\/types\/post"}],"author":[{"embeddable":true,"href":"https:\/\/www.ofmconv.net\/pl\/wp-json\/wp\/v2\/users\/1"}],"replies":[{"embeddable":true,"href":"https:\/\/www.ofmconv.net\/pl\/wp-json\/wp\/v2\/comments?post=18635"}],"version-history":[{"count":0,"href":"https:\/\/www.ofmconv.net\/pl\/wp-json\/wp\/v2\/posts\/18635\/revisions"}],"wp:featuredmedia":[{"embeddable":true,"href":"https:\/\/www.ofmconv.net\/pl\/wp-json\/wp\/v2\/media\/18631"}],"wp:attachment":[{"href":"https:\/\/www.ofmconv.net\/pl\/wp-json\/wp\/v2\/media?parent=18635"}],"wp:term":[{"taxonomy":"category","embeddable":true,"href":"https:\/\/www.ofmconv.net\/pl\/wp-json\/wp\/v2\/categories?post=18635"},{"taxonomy":"post_tag","embeddable":true,"href":"https:\/\/www.ofmconv.net\/pl\/wp-json\/wp\/v2\/tags?post=18635"}],"curies":[{"name":"wp","href":"https:\/\/api.w.org\/{rel}","templated":true}]}}