{"id":19840,"date":"2019-10-29T10:40:32","date_gmt":"2019-10-29T09:40:32","guid":{"rendered":"https:\/\/ofmconv.net\/napoli-100-della-rinascita-della-provincia\/"},"modified":"2019-10-29T10:46:23","modified_gmt":"2019-10-29T09:46:23","slug":"napoli-100-della-rinascita-della-provincia","status":"publish","type":"post","link":"https:\/\/www.ofmconv.net\/pl\/napoli-100-della-rinascita-della-provincia\/","title":{"rendered":"Neapol: 100. rocznica odrodzenia prowincji"},"content":{"rendered":"<p><strong>Na dwie zmiany, 22-23 i 24-25 pa\u017adziernika 2019 r., bracia mniejsi konwentualni z Neapolu zebrali si\u0119 w odrestaurowanym domu rekolekcyjnym w Montella, aby po bolesnym zniesieniu wsp\u00f3lnot zakonnych w XIX wieku uczci\u0107 stulecie odrodzenia prowincji.<\/strong><\/p>\n<p>\u00d3wczesny minister generalny fr. Domenico TAVANI og\u0142osi\u0142 zamiar przeprowadzenia wizytacji kanonicznej w Kampanii, maj\u0105cej si\u0119 rozpocz\u0105\u0107 od 24 lipca 1919 r. Z kolei w dniach 20-22 sierpnia 1919 r. odby\u0142a si\u0119 pierwsza kapitu\u0142a prowincjalna w Portici, kt\u00f3rej przewodniczy\u0142 sekretarz generalny fr. Luigi BONDINI. Ministrem prowincjalnym zosta\u0142 wybrany fr. Giuseppe DE FALCO, kt\u00f3ry w programie wskaza\u0142 \u201etrzy cele do osi\u0105gni\u0119cia: po pierwsze, rozwija\u0107 we wsp\u00f3lnotach dyscyplin\u0119 i obserwancj\u0119 zakonn\u0105; po drugie, sprzyja\u0107 wzrostowi powo\u0142a\u0144; po trzecie, uporz\u0105dkowa\u0107 kwestie administracyjne\u201d.<br \/>\nOt\u00f3\u017c na tej pierwszej kapitule razem ze wszystkimi wsp\u00f3\u0142bra\u0107mi, kt\u00f3rzy nas poprzedzili, \u201ewspierani przez anonimowe dzie\u0142o os\u00f3b konsekrowanych nale\u017c\u0105cych do trzeciego Zakonu franciszka\u0144skiego, M\u0142odzie\u017cy Franciszka\u0144skiej, Rycerstwa Niepokalanej b\u0105d\u017a wiernych z naszych ko\u015bcio\u0142\u00f3w\u201d, jak rosn\u0105ce ziarnko byli obecni wszyscy bracia z dzisiejszej prowincji serafickiego ojca \u015bw. Franciszka we W\u0142oszech (Neapol) i wszyscy ci, kt\u00f3rych Pan zaprosi do pracy w winnicy ewangelicznej.<br \/>\nLiturgia przygotowana na podw\u00f3jne spotkanie z okazji stulecia by\u0142a hymnem uwielbienia i prawdziwym dzi\u0119kczynieniem dla \u201eBoga, kt\u00f3ry ma ludzkie oblicze i umi\u0142owa\u0142 nas a\u017c do ko\u0144ca: ka\u017cd\u0105 jednostk\u0119 i ludzko\u015b\u0107 w ca\u0142o\u015bci\u201d (Papie\u017c Benedykt XVI, <em>Spe salvi<\/em>, 31).<br \/>\nO rys historyczny prowincji zadba\u0142 fr. Felice AUTIERI, kt\u00f3ry w skr\u00f3cie o\u017cywi\u0142 \u201esto lat wydarze\u0144 i o r\u00f3\u017cnych obliczach\u201d, przechodz\u0105c od wiernych zapis\u00f3w przesz\u0142o\u015bci do kroniki naszych dni. Warto doda\u0107, \u017ce ju\u017c trzy tygodnie wcze\u015bniej, 4 pa\u017adziernika, ukaza\u0142a si\u0119 ksi\u0105\u017cka <em>Mi\u0119dzy pami\u0119ci\u0105 a kronik\u0105. 1919-2019: sto lat wydarze\u0144 i o r\u00f3\u017cnych obliczach<\/em>, wydana na prawach r\u0119kopisu przez sekretariat prowincji.<br \/>\nFr. Vincenzo IPPOLITO OFM, przywo\u0142uj\u0105c pouczenie \u015bw. Paw\u0142a skierowane do Tymoteusza (2 Tm 1, 6), przypomnia\u0142 zach\u0119t\u0119 \u015bw. Jana Paw\u0142a II zawart\u0105 w <em>Vita consecrata<\/em>: \u201ePowinni\u015bcie nie tylko wspomina\u0107 i opowiada\u0107 swoj\u0105 chwalebn\u0105 przesz\u0142o\u015b\u0107, ale tak\u017ce budowa\u0107 now\u0105, wielk\u0105 histori\u0119! Wpatrujcie si\u0119 w przysz\u0142o\u015b\u0107, ku kt\u00f3rej kieruje was Duch, aby zn\u00f3w dokona\u0107 z wami wielkich dzie\u0142\u201d (nr 110). Nie jest to zatem historia autoreferencyjna, ale tera\u017aniejszo\u015b\u0107 i przysz\u0142o\u015b\u0107 o\u015bwietlone przesz\u0142o\u015bci\u0105.<br \/>\nCelebracje liturgiczne (Eucharystia, jutrznia i nieszpory), chwile dyskusji i braterstwa zwie\u0144czy\u0142y napi\u0119ty program.<\/p>\n<p>Serdeczne podzi\u0119kowanie nale\u017cy si\u0119 miejscowej wsp\u00f3lnocie, cz\u0142onkom FZ\u015a i M\u0142odzie\u017cy Franciszka\u0144skiej, kt\u00f3rzy rado\u015bnie pomagali przy podj\u0119ciu przyby\u0142ych, ich obs\u0142udze i w sto\u0142\u00f3wce.<\/p>\n<p style=\"text-align: right;\">Fra Giorgio TUFANO Segretario provinciale<\/p>\n","protected":false},"excerpt":{"rendered":"<p>Na dwie zmiany, 22-23 i 24-25 pa\u017adziernika 2019 r., bracia mniejsi konwentualni z Neapolu zebrali si\u0119 w odrestaurowanym domu rekolekcyjnym w Montella, aby po bolesnym zniesieniu wsp\u00f3lnot zakonnych w XIX wieku uczci\u0107 stulecie odrodzenia prowincji. \u00d3wczesny minister generalny fr. Domenico TAVANI og\u0142osi\u0142 zamiar przeprowadzenia wizytacji kanonicznej w Kampanii, maj\u0105cej si\u0119 rozpocz\u0105\u0107 od 24 lipca 1919 [&hellip;]<\/p>\n","protected":false},"author":1,"featured_media":19836,"comment_status":"closed","ping_status":"open","sticky":false,"template":"","format":"standard","meta":{"ngg_post_thumbnail":0,"footnotes":""},"categories":[131,118,149],"tags":[1961,1532,1440],"class_list":["post-19840","post","type-post","status-publish","format-standard","has-post-thumbnail","category-federacje","category-fimp-pl","category-wiadomosci","tag-italia-napoli-pl","tag-jubileusz","tag-wlochy-neapol"],"_links":{"self":[{"href":"https:\/\/www.ofmconv.net\/pl\/wp-json\/wp\/v2\/posts\/19840","targetHints":{"allow":["GET"]}}],"collection":[{"href":"https:\/\/www.ofmconv.net\/pl\/wp-json\/wp\/v2\/posts"}],"about":[{"href":"https:\/\/www.ofmconv.net\/pl\/wp-json\/wp\/v2\/types\/post"}],"author":[{"embeddable":true,"href":"https:\/\/www.ofmconv.net\/pl\/wp-json\/wp\/v2\/users\/1"}],"replies":[{"embeddable":true,"href":"https:\/\/www.ofmconv.net\/pl\/wp-json\/wp\/v2\/comments?post=19840"}],"version-history":[{"count":0,"href":"https:\/\/www.ofmconv.net\/pl\/wp-json\/wp\/v2\/posts\/19840\/revisions"}],"wp:featuredmedia":[{"embeddable":true,"href":"https:\/\/www.ofmconv.net\/pl\/wp-json\/wp\/v2\/media\/19836"}],"wp:attachment":[{"href":"https:\/\/www.ofmconv.net\/pl\/wp-json\/wp\/v2\/media?parent=19840"}],"wp:term":[{"taxonomy":"category","embeddable":true,"href":"https:\/\/www.ofmconv.net\/pl\/wp-json\/wp\/v2\/categories?post=19840"},{"taxonomy":"post_tag","embeddable":true,"href":"https:\/\/www.ofmconv.net\/pl\/wp-json\/wp\/v2\/tags?post=19840"}],"curies":[{"name":"wp","href":"https:\/\/api.w.org\/{rel}","templated":true}]}}