{"id":20214,"date":"2019-11-12T17:44:57","date_gmt":"2019-11-12T16:44:57","guid":{"rendered":"https:\/\/ofmconv.net\/sicilia-ordinazione-diaconale\/"},"modified":"2019-11-12T17:49:23","modified_gmt":"2019-11-12T16:49:23","slug":"sicilia-ordinazione-diaconale","status":"publish","type":"post","link":"https:\/\/www.ofmconv.net\/pl\/sicilia-ordinazione-diaconale\/","title":{"rendered":"Sycylia: \u015bwi\u0119cenia diakonatu"},"content":{"rendered":"<p><strong>W pi\u0105tek 8 listopada 2019 r., w bazylice mniejszej \u015bw. Franciszka z Asy\u017cu w Palermo, bracia z prowincji \u015bwi\u0119tych Agaty i \u0141ucji we W\u0142oszech (Sycylia), wraz z licznymi wiernymi, dzi\u0119kowali Bogu za \u015bwi\u0119cenia diakonatu fr. Rosario M. TERRANOVA.<\/strong><\/p>\n<p>Fr. Rosario przyj\u0105\u0142 \u015bwi\u0119cenia z r\u0105k abp. Roberto CARBONI, metropolity Oristano i administratora apostolskiego Ales-Terralba, kt\u00f3ry przed otrzymaniem nominacji i sakry biskupiej nale\u017ca\u0142 do naszej rodziny Braci Mniejszych Konwentualnych.<br \/>\nFr. Rosario urodzi\u0142 si\u0119 17 wrze\u015bnia 1984 r. w Palermo. Profesj\u0119 czasow\u0105 z\u0142o\u017cy\u0142 8 wrze\u015bnia 2012 r., a wieczyst\u0105 22 pa\u017adziernika 2017 r. \u017byczymy naszemu wsp\u00f3\u0142bratu, aby z rado\u015bci\u0105 w naszym Panu Jezusie Chrystusie g\u0142osi\u0142 Ewangeli\u0119 i z prostot\u0105 naszego serafickiego Ojca s\u0142u\u017cy\u0142 wszystkim braciom.<\/p>\n<p style=\"text-align: right;\">Fr. Luca M. GURRERA, sekretarz prowincjalny<\/p>\nngg_shortcode_0_placeholder\n","protected":false},"excerpt":{"rendered":"<p>W pi\u0105tek 8 listopada 2019 r., w bazylice mniejszej \u015bw. Franciszka z Asy\u017cu w Palermo, bracia z prowincji \u015bwi\u0119tych Agaty i \u0141ucji we W\u0142oszech (Sycylia), wraz z licznymi wiernymi, dzi\u0119kowali Bogu za \u015bwi\u0119cenia diakonatu fr. Rosario M. TERRANOVA. Fr. Rosario przyj\u0105\u0142 \u015bwi\u0119cenia z r\u0105k abp. Roberto CARBONI, metropolity Oristano i administratora apostolskiego Ales-Terralba, kt\u00f3ry przed [&hellip;]<\/p>\n","protected":false},"author":1,"featured_media":20210,"comment_status":"closed","ping_status":"open","sticky":false,"template":"","format":"standard","meta":{"ngg_post_thumbnail":0,"footnotes":""},"categories":[131,118,149],"tags":[1911,1002,1916],"class_list":["post-20214","post","type-post","status-publish","format-standard","has-post-thumbnail","category-federacje","category-fimp-pl","category-wiadomosci","tag-italia-sicilia-pl","tag-swiecenia-diakonatu","tag-wlochy-sycylia"],"_links":{"self":[{"href":"https:\/\/www.ofmconv.net\/pl\/wp-json\/wp\/v2\/posts\/20214","targetHints":{"allow":["GET"]}}],"collection":[{"href":"https:\/\/www.ofmconv.net\/pl\/wp-json\/wp\/v2\/posts"}],"about":[{"href":"https:\/\/www.ofmconv.net\/pl\/wp-json\/wp\/v2\/types\/post"}],"author":[{"embeddable":true,"href":"https:\/\/www.ofmconv.net\/pl\/wp-json\/wp\/v2\/users\/1"}],"replies":[{"embeddable":true,"href":"https:\/\/www.ofmconv.net\/pl\/wp-json\/wp\/v2\/comments?post=20214"}],"version-history":[{"count":0,"href":"https:\/\/www.ofmconv.net\/pl\/wp-json\/wp\/v2\/posts\/20214\/revisions"}],"wp:featuredmedia":[{"embeddable":true,"href":"https:\/\/www.ofmconv.net\/pl\/wp-json\/wp\/v2\/media\/20210"}],"wp:attachment":[{"href":"https:\/\/www.ofmconv.net\/pl\/wp-json\/wp\/v2\/media?parent=20214"}],"wp:term":[{"taxonomy":"category","embeddable":true,"href":"https:\/\/www.ofmconv.net\/pl\/wp-json\/wp\/v2\/categories?post=20214"},{"taxonomy":"post_tag","embeddable":true,"href":"https:\/\/www.ofmconv.net\/pl\/wp-json\/wp\/v2\/tags?post=20214"}],"curies":[{"name":"wp","href":"https:\/\/api.w.org\/{rel}","templated":true}]}}