{"id":20597,"date":"2019-11-26T20:10:49","date_gmt":"2019-11-26T19:10:49","guid":{"rendered":"https:\/\/ofmconv.net\/spagna-versione-in-spagnolo-delle-costituzioni\/"},"modified":"2019-11-26T20:14:43","modified_gmt":"2019-11-26T19:14:43","slug":"spagna-versione-in-spagnolo-delle-costituzioni","status":"publish","type":"post","link":"https:\/\/www.ofmconv.net\/pl\/spagna-versione-in-spagnolo-delle-costituzioni\/","title":{"rendered":"Hiszpania: Konstytucje w j\u0119zyku hiszpa\u0144skim"},"content":{"rendered":"<p><strong>Ukaza\u0142o si\u0119 t\u0142umaczenie odnowionych Konstytucji Zakonu Braci Mniejszych Konwentualnych w j\u0119zyku hiszpa\u0144skim.<\/strong><\/p>\n<p>Warto wspomnie\u0107, \u017ce oficjalnym i prawnie wi\u0105\u017c\u0105cym tekstem Konstytucji jest orygina\u0142 w j\u0119zyku w\u0142oskim, zatwierdzony przez Kongregacj\u0119 ds. Instytut\u00f3w \u017bycia Konsekrowanego i Stowarzysze\u0144 \u017bycia Apostolskiego, za\u015b wersja hiszpa\u0144ska zosta\u0142a zatwierdzona przez ministra generalnego fr. Carlosa TROVARELLEGO do u\u017cytku wsp\u00f3\u0142braci z prowincji Naszej Pani z Montserrat w Hiszpanii oraz pos\u0142uguj\u0105cych si\u0119 j\u0119zykiem hiszpa\u0144skim w federacji FALC (Federaci\u00f3n Am\u00e9rica Latina Conventuales).<br \/>\n<strong><a href=\"https:\/\/ofmconv.net\/es\/documenti-dellordine-2\/\">Na naszej stronie internetowej mo\u017cna pobra\u0107 tekst Konstytucji w formacie PDF &gt;&gt;&gt;<\/a><\/strong><\/p>\n<p style=\"text-align: right;\">Biuro ds. komunikacji<\/p>\nngg_shortcode_0_placeholder\n","protected":false},"excerpt":{"rendered":"<p>Ukaza\u0142o si\u0119 t\u0142umaczenie odnowionych Konstytucji Zakonu Braci Mniejszych Konwentualnych w j\u0119zyku hiszpa\u0144skim. Warto wspomnie\u0107, \u017ce oficjalnym i prawnie wi\u0105\u017c\u0105cym tekstem Konstytucji jest orygina\u0142 w j\u0119zyku w\u0142oskim, zatwierdzony przez Kongregacj\u0119 ds. Instytut\u00f3w \u017bycia Konsekrowanego i Stowarzysze\u0144 \u017bycia Apostolskiego, za\u015b wersja hiszpa\u0144ska zosta\u0142a zatwierdzona przez ministra generalnego fr. Carlosa TROVARELLEGO do u\u017cytku wsp\u00f3\u0142braci z prowincji Naszej Pani [&hellip;]<\/p>\n","protected":false},"author":1,"featured_media":20593,"comment_status":"closed","ping_status":"open","sticky":false,"template":"","format":"standard","meta":{"ngg_post_thumbnail":0,"footnotes":""},"categories":[144,149],"tags":[1883,862],"class_list":["post-20597","post","type-post","status-publish","format-standard","has-post-thumbnail","category-ufficio-comunicazioni-pl","category-wiadomosci","tag-costituzioni-pl","tag-konstytucje"],"_links":{"self":[{"href":"https:\/\/www.ofmconv.net\/pl\/wp-json\/wp\/v2\/posts\/20597","targetHints":{"allow":["GET"]}}],"collection":[{"href":"https:\/\/www.ofmconv.net\/pl\/wp-json\/wp\/v2\/posts"}],"about":[{"href":"https:\/\/www.ofmconv.net\/pl\/wp-json\/wp\/v2\/types\/post"}],"author":[{"embeddable":true,"href":"https:\/\/www.ofmconv.net\/pl\/wp-json\/wp\/v2\/users\/1"}],"replies":[{"embeddable":true,"href":"https:\/\/www.ofmconv.net\/pl\/wp-json\/wp\/v2\/comments?post=20597"}],"version-history":[{"count":0,"href":"https:\/\/www.ofmconv.net\/pl\/wp-json\/wp\/v2\/posts\/20597\/revisions"}],"wp:featuredmedia":[{"embeddable":true,"href":"https:\/\/www.ofmconv.net\/pl\/wp-json\/wp\/v2\/media\/20593"}],"wp:attachment":[{"href":"https:\/\/www.ofmconv.net\/pl\/wp-json\/wp\/v2\/media?parent=20597"}],"wp:term":[{"taxonomy":"category","embeddable":true,"href":"https:\/\/www.ofmconv.net\/pl\/wp-json\/wp\/v2\/categories?post=20597"},{"taxonomy":"post_tag","embeddable":true,"href":"https:\/\/www.ofmconv.net\/pl\/wp-json\/wp\/v2\/tags?post=20597"}],"curies":[{"name":"wp","href":"https:\/\/api.w.org\/{rel}","templated":true}]}}