{"id":21470,"date":"2019-12-18T18:46:08","date_gmt":"2019-12-18T17:46:08","guid":{"rendered":"https:\/\/ofmconv.net\/spagna-visita-canonica\/"},"modified":"2019-12-23T18:53:13","modified_gmt":"2019-12-23T17:53:13","slug":"spagna-visita-canonica","status":"publish","type":"post","link":"https:\/\/www.ofmconv.net\/pl\/spagna-visita-canonica\/","title":{"rendered":"Hiszpania: wizytacja kanoniczna"},"content":{"rendered":"<p><strong>W zwi\u0105zku ze zbli\u017caj\u0105c\u0105 si\u0119 kapitu\u0142\u0105 prowincjaln\u0105 zwyczajn\u0105 (pierwsza cz\u0119\u015b\u0107 odb\u0119dzie si\u0119 w dniach 4-8 maja 2020 r.) asystent generalny FIMP (Federazione Intermediterranea Ministri Provinciali) fr. Giovanni VOLTAN w dw\u00f3ch cz\u0119\u015bciach (7-16 listopada i 24 listopada \u2013 14 grudnia 2019 r.) przeprowadzi\u0142 wizytacj\u0119 generaln\u0105 w prowincji Naszej Pani z Montserrat w Hiszpanii.<\/strong><\/p>\n<p>Klasztory, w kt\u00f3rych odby\u0142a si\u0119 wizytacja, to w kolejno\u015bci chronologicznej: Madryt (Matki Bo\u017cej R\u00f3\u017ca\u0144cowej i \u015bw. Bonawentury), Taranc\u00f3n, Granollers, Barcelona, Saragossa, Pampeluna, Sewilla, Palencia i Valladolid. Asystent spotka\u0142 si\u0119 ponadto z trzema bra\u0107mi pe\u0142ni\u0105cymi pos\u0142ug\u0119 dla Zakonu i mieszkaj\u0105cymi w Rzymie (fr. Valent\u00edn REDONDO FUENTES, fr. Benjam\u00edn MIEDES REM\u00d3N, fr. Juan Miguel VICENTE VALTUE\u00d1A), a tak\u017ce z fr. Joaqu\u00edn \u00c1ngel AGESTA CUEVAS, kt\u00f3ry nale\u017cy do wsp\u00f3lnoty w Pampelunie, ale obecnie przebywa na roku szabatowym w Lourdes.<br \/>\nObecnie w prowincji jest 68 braci (w tym dw\u00f3ch braci rumu\u0144skich afiliowanych \u201ead tempus\u201d, jeden brat z prowincji krakowskiej przebywaj\u0105cy na podstawie zawartej umowy i trzech braci profes\u00f3w czasowych). \u015arednia wieku zakonnik\u00f3w w prowincji wynosi 65 lat, z uwzgl\u0119dnieniem profes\u00f3w czasowych (odliczaj\u0105c ich \u2013 oko\u0142o 67 lat). W 1978 r. prowincja otworzy\u0142a misj\u0119 w Kolumbii, kt\u00f3ra dzi\u015b jest ju\u017c kustodi\u0105 \u015bw. Franciszka z Asy\u017cu.<br \/>\nW 1904 r. Bracia Mniejsi Konwentualni, dzi\u0119ki uporowi braci hiszpa\u0144skich przebywaj\u0105cych we W\u0142oszech, mogli powr\u00f3ci\u0107 do Hiszpanii po 337 latach nieobecno\u015bci (w 1567 r. kr\u00f3l Filip II wydali\u0142 z kraju oko\u0142o tysi\u0105ca braci). Przez kr\u00f3tki okres \u017cycie zakonne zacz\u0119\u0142o si\u0119 odradza\u0107 w klasztorze w Teruel (Aragonia), ale na dobre odnowa nast\u0105pi\u0142a w klasztorze w Granollers (Katalonia), gdzie podczas hiszpa\u0144skiej wojny domowej (1936-1939) \u015bmier\u0107 m\u0119cze\u0144sk\u0105 ponios\u0142o sze\u015bciu braci (fr. Dionizy i towarzysze m\u0119czennicy), kt\u00f3rzy zostali beatyfikowani przez papie\u017ca Jana Paw\u0142a II w 2001 r.<br \/>\nDzi\u015b pos\u0142uga zakonnik\u00f3w koncentruje si\u0119 przede wszystkim na duszpasterstwie parafialnym (s\u0105 tylko dwa ko\u015bcio\u0142y klasztorne: w Taranc\u00f3n i w Barcelonie) oraz na dzia\u0142alno\u015bci edukacyjnej w trzech znanych i cenionych kolegiach (w Taranc\u00f3n, Valladolid i w najwi\u0119kszym \u2013 \u015bw. Bonawentury w Madrycie). Prowincja utworzy\u0142a ponadto dwie wsp\u00f3lnoty, kt\u00f3rych celem jest wierniejsze prze\u017cywanie i pog\u0142\u0119bianie charyzmatu franciszka\u0144skiego: w Granollers (od 2012 r.) i Matki Bo\u017cej R\u00f3\u017ca\u0144cowej w Madrycie (od 2016 r.), gdzie znajduje si\u0119 r\u00f3wnie\u017c dom formacyjny (obecnie jest trzech profes\u00f3w czasowych i jeden postulant).<br \/>\nNa zako\u0144czenie wizytacji asystent generalny spotka\u0142 si\u0119 z ministrem prowincjalnym fr. \u00c1ngelem Mariano GUZM\u00c1N LUDE\u00d1A i definitorium (fr. Juan Antonio AD\u00c1NEZ SILV\u00c1N, wikariusz; fr. Miguel \u00c1ngel MARCOS MARCOS, sekretarz; fr. Antonio ROYO TOM\u00c1S i fr. Juan Luis CORMENZANA CARPIO).<br \/>\nW ramach tradycyjnego spotkania Bo\u017conarodzeniowego, kt\u00f3re prowincja organizuje corocznie w dniach od 26 do 28 grudnia, fr. Fran\u00e7ois BUSTILLO, gwardian klasztoru w Lourdes, wyg\u0142osi konferencje na tematy franciszka\u0144skie, nawi\u0105zuj\u0105c do dzia\u0142a\u0144 wsp\u00f3lnot klasztornych podj\u0119tych w \u015bwietle s\u0142\u00f3w papie\u017ca Franciszka, jakie skierowa\u0142 do uczestnik\u00f3w kapitu\u0142y generalnej zwyczajnej w 2019 r.<\/p>\n<p style=\"text-align: right;\">Fr. Giovanni VOLTAN, asystent generalny FIMP<\/p>\nngg_shortcode_0_placeholder\n","protected":false},"excerpt":{"rendered":"<p>W zwi\u0105zku ze zbli\u017caj\u0105c\u0105 si\u0119 kapitu\u0142\u0105 prowincjaln\u0105 zwyczajn\u0105 (pierwsza cz\u0119\u015b\u0107 odb\u0119dzie si\u0119 w dniach 4-8 maja 2020 r.) asystent generalny FIMP (Federazione Intermediterranea Ministri Provinciali) fr. Giovanni VOLTAN w dw\u00f3ch cz\u0119\u015bciach (7-16 listopada i 24 listopada \u2013 14 grudnia 2019 r.) przeprowadzi\u0142 wizytacj\u0119 generaln\u0105 w prowincji Naszej Pani z Montserrat w Hiszpanii. Klasztory, w kt\u00f3rych [&hellip;]<\/p>\n","protected":false},"author":1,"featured_media":21466,"comment_status":"closed","ping_status":"open","sticky":false,"template":"","format":"standard","meta":{"ngg_post_thumbnail":0,"footnotes":""},"categories":[131,118,149],"tags":[897,645],"class_list":["post-21470","post","type-post","status-publish","format-standard","has-post-thumbnail","category-federacje","category-fimp-pl","category-wiadomosci","tag-hiszpania","tag-wizytacja"],"_links":{"self":[{"href":"https:\/\/www.ofmconv.net\/pl\/wp-json\/wp\/v2\/posts\/21470","targetHints":{"allow":["GET"]}}],"collection":[{"href":"https:\/\/www.ofmconv.net\/pl\/wp-json\/wp\/v2\/posts"}],"about":[{"href":"https:\/\/www.ofmconv.net\/pl\/wp-json\/wp\/v2\/types\/post"}],"author":[{"embeddable":true,"href":"https:\/\/www.ofmconv.net\/pl\/wp-json\/wp\/v2\/users\/1"}],"replies":[{"embeddable":true,"href":"https:\/\/www.ofmconv.net\/pl\/wp-json\/wp\/v2\/comments?post=21470"}],"version-history":[{"count":0,"href":"https:\/\/www.ofmconv.net\/pl\/wp-json\/wp\/v2\/posts\/21470\/revisions"}],"wp:featuredmedia":[{"embeddable":true,"href":"https:\/\/www.ofmconv.net\/pl\/wp-json\/wp\/v2\/media\/21466"}],"wp:attachment":[{"href":"https:\/\/www.ofmconv.net\/pl\/wp-json\/wp\/v2\/media?parent=21470"}],"wp:term":[{"taxonomy":"category","embeddable":true,"href":"https:\/\/www.ofmconv.net\/pl\/wp-json\/wp\/v2\/categories?post=21470"},{"taxonomy":"post_tag","embeddable":true,"href":"https:\/\/www.ofmconv.net\/pl\/wp-json\/wp\/v2\/tags?post=21470"}],"curies":[{"name":"wp","href":"https:\/\/api.w.org\/{rel}","templated":true}]}}