{"id":21653,"date":"2020-01-09T12:33:14","date_gmt":"2020-01-09T11:33:14","guid":{"rendered":"https:\/\/ofmconv.net\/spagna-assemblea-provinciale\/"},"modified":"2020-01-09T12:40:46","modified_gmt":"2020-01-09T11:40:46","slug":"spagna-assemblea-provinciale","status":"publish","type":"post","link":"https:\/\/www.ofmconv.net\/pl\/spagna-assemblea-provinciale\/","title":{"rendered":"Hiszpania: spotkanie prowincjalne"},"content":{"rendered":"<p><strong>Spotkanie prowincji Naszej Pani z Montserrat w Hiszpanii mia\u0142o miejsce w dniach 26-28 grudnia 2019 r. w kapucy\u0144skim o\u015brodku rekolekcyjnym \u201eCristo de El Pardo\u201d w Madrycie.<\/strong><\/p>\n<p>Uczestniczy\u0142o w nim 40 wsp\u00f3\u0142braci z 10 wsp\u00f3lnot klasztornych z prowincji oraz kilku z dom\u00f3w generalnych z Rzymu. Animatorem by\u0142 fr. Fran\u00e7ois BUSTILLO z kustodii prowincjalnej \u015bw. Bonawentury we Francji i Belgii.<br \/>\nWsp\u00f3lnoty ju\u017c wcze\u015bniej szczeg\u00f3\u0142owo zapozna\u0142y si\u0119 z tre\u015bci\u0105 przem\u00f3wienia papie\u017ca Franciszka skierowanego do uczestnik\u00f3w kapitu\u0142y generalnej zwyczajnej w 2019 r. Przy tej okazji papie\u017c przedstawi\u0142 istotne wskazania dotycz\u0105ce charyzmatu franciszka\u0144skiego. Wsp\u00f3lnotowa refleksja, podj\u0119ta w ramach przygotowa\u0144 do najbli\u017cszej kapitu\u0142y prowincjalnej, by\u0142a dobr\u0105 sposobno\u015bci\u0105 do pog\u0142\u0119bienia, lepszego przyswojenia i weryfikacji podstaw naszej duchowo\u015bci oraz do wcielenia ich z wi\u0119kszym zaanga\u017cowaniem w nasze \u017cycie.<br \/>\nUczestnicy spotkania, nawi\u0105zuj\u0105c do uprzedniego przygotowania, skoncentrowali si\u0119 na czterech aspektach: modlitwa, \u017cycie braterskie, podstawowa misja i nowa ewangelizacja. Fr. Fran\u00e7ois podzieli\u0142 si\u0119 rozwa\u017caniami na temat ka\u017cdego ze wspomnianych aspekt\u00f3w, uzupe\u0142niaj\u0105c w ten spos\u00f3b dzia\u0142ania zapocz\u0105tkowane we wsp\u00f3lnotach. Nast\u0119pnie nieco czasu po\u015bwi\u0119cono na osobiste refleksje, a na koniec wsp\u00f3lnie podsumowano ca\u0142o\u015b\u0107 przemy\u015ble\u0144.<br \/>\nDla wsp\u00f3\u0142braci spotkanie stanowi\u0142o jeden z etap\u00f3w rozeznania i przygotowania do XXI kapitu\u0142y prowincjalnej zwyczajnej, kt\u00f3ra odb\u0119dzie si\u0119 na prze\u0142omie maja i czerwca br.<\/p>\n<p style=\"text-align: right;\">Fr. Miguel \u00c1ngel MARCOS MARCOS, sekretarz prowincji<\/p>\nngg_shortcode_0_placeholder\n","protected":false},"excerpt":{"rendered":"<p>Spotkanie prowincji Naszej Pani z Montserrat w Hiszpanii mia\u0142o miejsce w dniach 26-28 grudnia 2019 r. w kapucy\u0144skim o\u015brodku rekolekcyjnym \u201eCristo de El Pardo\u201d w Madrycie. Uczestniczy\u0142o w nim 40 wsp\u00f3\u0142braci z 10 wsp\u00f3lnot klasztornych z prowincji oraz kilku z dom\u00f3w generalnych z Rzymu. Animatorem by\u0142 fr. Fran\u00e7ois BUSTILLO z kustodii prowincjalnej \u015bw. Bonawentury we [&hellip;]<\/p>\n","protected":false},"author":1,"featured_media":21649,"comment_status":"closed","ping_status":"open","sticky":false,"template":"","format":"standard","meta":{"ngg_post_thumbnail":0,"footnotes":""},"categories":[131,118,149],"tags":[897,896,1609],"class_list":["post-21653","post","type-post","status-publish","format-standard","has-post-thumbnail","category-federacje","category-fimp-pl","category-wiadomosci","tag-hiszpania","tag-spagna-pl","tag-zgromadzenie"],"_links":{"self":[{"href":"https:\/\/www.ofmconv.net\/pl\/wp-json\/wp\/v2\/posts\/21653","targetHints":{"allow":["GET"]}}],"collection":[{"href":"https:\/\/www.ofmconv.net\/pl\/wp-json\/wp\/v2\/posts"}],"about":[{"href":"https:\/\/www.ofmconv.net\/pl\/wp-json\/wp\/v2\/types\/post"}],"author":[{"embeddable":true,"href":"https:\/\/www.ofmconv.net\/pl\/wp-json\/wp\/v2\/users\/1"}],"replies":[{"embeddable":true,"href":"https:\/\/www.ofmconv.net\/pl\/wp-json\/wp\/v2\/comments?post=21653"}],"version-history":[{"count":0,"href":"https:\/\/www.ofmconv.net\/pl\/wp-json\/wp\/v2\/posts\/21653\/revisions"}],"wp:featuredmedia":[{"embeddable":true,"href":"https:\/\/www.ofmconv.net\/pl\/wp-json\/wp\/v2\/media\/21649"}],"wp:attachment":[{"href":"https:\/\/www.ofmconv.net\/pl\/wp-json\/wp\/v2\/media?parent=21653"}],"wp:term":[{"taxonomy":"category","embeddable":true,"href":"https:\/\/www.ofmconv.net\/pl\/wp-json\/wp\/v2\/categories?post=21653"},{"taxonomy":"post_tag","embeddable":true,"href":"https:\/\/www.ofmconv.net\/pl\/wp-json\/wp\/v2\/tags?post=21653"}],"curies":[{"name":"wp","href":"https:\/\/api.w.org\/{rel}","templated":true}]}}