{"id":21870,"date":"2020-01-14T20:25:04","date_gmt":"2020-01-14T19:25:04","guid":{"rendered":"https:\/\/ofmconv.net\/nomine-per-la-procura-generale\/"},"modified":"2020-01-14T20:28:27","modified_gmt":"2020-01-14T19:28:27","slug":"nomine-per-la-procura-generale","status":"publish","type":"post","link":"https:\/\/www.ofmconv.net\/pl\/nomine-per-la-procura-generale\/","title":{"rendered":"Nominacje w prokuratorii generalnej"},"content":{"rendered":"<p><strong>Dekretem z dnia 4 listopada 2019 r. minister generalny fr. Carlos A. TROVARELLI wraz ze swoim definitorium, na sesji w dniu 1 listopada 2019 r., potwierdzi\u0142 fr. Maurizio DI PAOLO z prowincji \u015bwi\u0119tych Bernardyna i Anio\u0142a we W\u0142oszech (Abruzja) na urz\u0119dzie prokuratora generalnego na drug\u0105 sze\u015bcioletni\u0105 kadencj\u0119.<\/strong><\/p>\n<p>W dniu 9 grudnia minister generalny spotka\u0142 si\u0119 z cz\u0142onkami prokuratorii, by pozna\u0107 metody dzia\u0142ania i prac\u0119 prowadzon\u0105 zespo\u0142owo.<br \/>\nDekretem z dnia 31 grudnia 2019 r. fr. Carlos, za zgod\u0105 definitorium z 17 grudnia 2019 r., przed\u0142u\u017cy\u0142 do kapitu\u0142y generalnej w 2025 r. nominacje dla dw\u00f3ch cz\u0142onk\u00f3w prokuratorii generalnej: fr. Roberta LE\u017bOHUPSKIEGO z prowincji \u015bw. Maksymiliana M. Kolbego w Polsce (Gda\u0144sk) i fr. Francesco PANIZZOLO z prowincji w\u0142oskiej \u015bw. Antoniego z Padwy (W\u0142ochy P\u00f3\u0142nocne). Nale\u017cy doda\u0107, \u017ce s\u0105 oni zatrudnieni w pe\u0142nym wymiarze godzin w Penitencjarii Apostolskiej (fr. Robert) i w Kongregacji Nauki Wiary (fr. Francesco).<br \/>\nCz\u0142onkowie prokuratorii spotykaj\u0105 si\u0119 co dwa tygodnie dla konsultacji bardziej z\u0142o\u017conych kwestii prawnych oraz w celu przydzielenia poszczeg\u00f3lnych spraw, w zale\u017cno\u015bci od ich dyspozycyjno\u015bci i znajomo\u015bci j\u0119zykowych.<br \/>\nW najbli\u017cszych miesi\u0105cach wa\u017cnym zadaniem b\u0119dzie rewizja \u201ePodr\u0119cznika do za\u0142atwiania spraw prawnych\u201d, kt\u00f3ry, ze wzgl\u0119du na ci\u0105g\u0142e zmiany, musi zosta\u0107 uaktualniony i uzupe\u0142niony zgodnie z nowym prawodawstwem Ko\u015bcio\u0142a i Zakonu oraz z praktyk\u0105 przyj\u0119t\u0105 w kurii rzymskiej.<br \/>\nZamiarem prokuratorii jest te\u017c szerzenie znajomo\u015bci wiedzy prawnej w\u015br\u00f3d tych, kt\u00f3rzy pe\u0142ni\u0105 pos\u0142ug\u0119 zarz\u0105dzania, i og\u00f3lnie po\u015br\u00f3d wszystkich braci. W zwi\u0105zku z tym, w najbli\u017cszym czasie, odb\u0119dzie si\u0119 \u201etydzie\u0144 formacyjny\u201d dla nowych ministr\u00f3w, kustoszy i sekretarzy prowincjalnych. Ponadto jest na etapie planowania drugie \u201esympozjum prawne\u201d.<\/p>\n<p style=\"text-align: right;\">Fr. Maurizio DI PAOLO, prokurator generalny<\/p>\n","protected":false},"excerpt":{"rendered":"<p>Dekretem z dnia 4 listopada 2019 r. minister generalny fr. Carlos A. TROVARELLI wraz ze swoim definitorium, na sesji w dniu 1 listopada 2019 r., potwierdzi\u0142 fr. Maurizio DI PAOLO z prowincji \u015bwi\u0119tych Bernardyna i Anio\u0142a we W\u0142oszech (Abruzja) na urz\u0119dzie prokuratora generalnego na drug\u0105 sze\u015bcioletni\u0105 kadencj\u0119. W dniu 9 grudnia minister generalny spotka\u0142 si\u0119 [&hellip;]<\/p>\n","protected":false},"author":1,"featured_media":21866,"comment_status":"closed","ping_status":"open","sticky":false,"template":"","format":"standard","meta":{"ngg_post_thumbnail":0,"footnotes":""},"categories":[144,149],"tags":[1524,2027,1616],"class_list":["post-21870","post","type-post","status-publish","format-standard","has-post-thumbnail","category-ufficio-comunicazioni-pl","category-wiadomosci","tag-nominacja","tag-procura-pl","tag-prokurator"],"_links":{"self":[{"href":"https:\/\/www.ofmconv.net\/pl\/wp-json\/wp\/v2\/posts\/21870","targetHints":{"allow":["GET"]}}],"collection":[{"href":"https:\/\/www.ofmconv.net\/pl\/wp-json\/wp\/v2\/posts"}],"about":[{"href":"https:\/\/www.ofmconv.net\/pl\/wp-json\/wp\/v2\/types\/post"}],"author":[{"embeddable":true,"href":"https:\/\/www.ofmconv.net\/pl\/wp-json\/wp\/v2\/users\/1"}],"replies":[{"embeddable":true,"href":"https:\/\/www.ofmconv.net\/pl\/wp-json\/wp\/v2\/comments?post=21870"}],"version-history":[{"count":0,"href":"https:\/\/www.ofmconv.net\/pl\/wp-json\/wp\/v2\/posts\/21870\/revisions"}],"wp:featuredmedia":[{"embeddable":true,"href":"https:\/\/www.ofmconv.net\/pl\/wp-json\/wp\/v2\/media\/21866"}],"wp:attachment":[{"href":"https:\/\/www.ofmconv.net\/pl\/wp-json\/wp\/v2\/media?parent=21870"}],"wp:term":[{"taxonomy":"category","embeddable":true,"href":"https:\/\/www.ofmconv.net\/pl\/wp-json\/wp\/v2\/categories?post=21870"},{"taxonomy":"post_tag","embeddable":true,"href":"https:\/\/www.ofmconv.net\/pl\/wp-json\/wp\/v2\/tags?post=21870"}],"curies":[{"name":"wp","href":"https:\/\/api.w.org\/{rel}","templated":true}]}}