{"id":22024,"date":"2020-01-17T19:03:28","date_gmt":"2020-01-17T18:03:28","guid":{"rendered":"https:\/\/ofmconv.net\/usa-santa-messa-in-suffragio-di-mons-elias\/"},"modified":"2020-01-17T19:09:53","modified_gmt":"2020-01-17T18:09:53","slug":"usa-santa-messa-in-suffragio-di-mons-elias","status":"publish","type":"post","link":"https:\/\/www.ofmconv.net\/pl\/usa-santa-messa-in-suffragio-di-mons-elias\/","title":{"rendered":"USA: Msza \u015bw. za zmar\u0142ego bp. Eliasa"},"content":{"rendered":"<p><strong>W dniu 18 stycznia 2020 r. o godz. 11, w ko\u015bciele \u015bw. Micha\u0142a Archanio\u0142a, 175 Williams Road, w Troy (stan Nowy Jork), zostanie odprawiona Msza \u015bw. za naszego zmar\u0142ego wsp\u00f3\u0142brata \u2013 bp. Eliasa Jamesa MANNINGA.<\/strong><\/p>\n<p>Fr. Elias urodzi\u0142 si\u0119 14 kwietnia 1938 r. w Troy. \u015aluby czasowe w Zakonie Braci Mniejszych Konwentualnych z\u0142o\u017cy\u0142 11 sierpnia 1959 r., a \u015bluby wieczyste \u2013 8 wrze\u015bnia 1962 r. \u015awi\u0119cenia kap\u0142a\u0144skie przyj\u0105\u0142 30 pa\u017adziernika 1965 r.<br \/>\nSwoj\u0105 pos\u0142ug\u0119 duszpastersk\u0105 niemal ca\u0142kowicie po\u015bwi\u0119ci\u0142 misji w Brazylii. Afiliowany do kustodii prowincjalnej Niepokalanego Pocz\u0119cia NMP w Brazylii, pe\u0142ni\u0142 pos\u0142ug\u0119 kustosza w latach 1976-1979. W dniu 13 maja 1990 r. otrzyma\u0142 sakr\u0119 biskupi\u0105 i kierowa\u0142 diecezj\u0105 Valen\u00e7a (stan Rio de Janeiro) do 2014 r. Pan powo\u0142a\u0142 go do siebie 13 pa\u017adziernika 2019 r.<\/p>\n<p style=\"text-align: right;\">Redakcja<\/p>\n<p><strong><a href=\"\/img\/galerie\/2020\/01-17-uc-manning\/manning-pol.pdf\"><img loading=\"lazy\" decoding=\"async\" class=\"alignleft size-full wp-image-3963\" src=\"https:\/\/ofmconv.net\/wp-content\/uploads\/2018\/03\/pdf.png\" alt=\"\" width=\"50\" height=\"69\"><strong>List Ministra generalnego &gt;&gt;&gt;<\/strong><\/a><\/strong><\/p>\n<p>&nbsp;<\/p>\nngg_shortcode_0_placeholder\n","protected":false},"excerpt":{"rendered":"<p>W dniu 18 stycznia 2020 r. o godz. 11, w ko\u015bciele \u015bw. Micha\u0142a Archanio\u0142a, 175 Williams Road, w Troy (stan Nowy Jork), zostanie odprawiona Msza \u015bw. za naszego zmar\u0142ego wsp\u00f3\u0142brata \u2013 bp. Eliasa Jamesa MANNINGA. Fr. Elias urodzi\u0142 si\u0119 14 kwietnia 1938 r. w Troy. \u015aluby czasowe w Zakonie Braci Mniejszych Konwentualnych z\u0142o\u017cy\u0142 11 sierpnia [&hellip;]<\/p>\n","protected":false},"author":1,"featured_media":22020,"comment_status":"closed","ping_status":"open","sticky":false,"template":"","format":"standard","meta":{"ngg_post_thumbnail":0,"footnotes":""},"categories":[144,149],"tags":[],"class_list":["post-22024","post","type-post","status-publish","format-standard","has-post-thumbnail","category-ufficio-comunicazioni-pl","category-wiadomosci"],"_links":{"self":[{"href":"https:\/\/www.ofmconv.net\/pl\/wp-json\/wp\/v2\/posts\/22024","targetHints":{"allow":["GET"]}}],"collection":[{"href":"https:\/\/www.ofmconv.net\/pl\/wp-json\/wp\/v2\/posts"}],"about":[{"href":"https:\/\/www.ofmconv.net\/pl\/wp-json\/wp\/v2\/types\/post"}],"author":[{"embeddable":true,"href":"https:\/\/www.ofmconv.net\/pl\/wp-json\/wp\/v2\/users\/1"}],"replies":[{"embeddable":true,"href":"https:\/\/www.ofmconv.net\/pl\/wp-json\/wp\/v2\/comments?post=22024"}],"version-history":[{"count":0,"href":"https:\/\/www.ofmconv.net\/pl\/wp-json\/wp\/v2\/posts\/22024\/revisions"}],"wp:featuredmedia":[{"embeddable":true,"href":"https:\/\/www.ofmconv.net\/pl\/wp-json\/wp\/v2\/media\/22020"}],"wp:attachment":[{"href":"https:\/\/www.ofmconv.net\/pl\/wp-json\/wp\/v2\/media?parent=22024"}],"wp:term":[{"taxonomy":"category","embeddable":true,"href":"https:\/\/www.ofmconv.net\/pl\/wp-json\/wp\/v2\/categories?post=22024"},{"taxonomy":"post_tag","embeddable":true,"href":"https:\/\/www.ofmconv.net\/pl\/wp-json\/wp\/v2\/tags?post=22024"}],"curies":[{"name":"wp","href":"https:\/\/api.w.org\/{rel}","templated":true}]}}