{"id":22783,"date":"2020-02-14T14:28:00","date_gmt":"2020-02-14T13:28:00","guid":{"rendered":"https:\/\/ofmconv.net\/nuovo-redattore-del-commentarium-ordinis\/"},"modified":"2020-02-15T17:05:43","modified_gmt":"2020-02-15T16:05:43","slug":"nuovo-redattore-del-commentarium-ordinis","status":"publish","type":"post","link":"https:\/\/www.ofmconv.net\/pl\/nuovo-redattore-del-commentarium-ordinis\/","title":{"rendered":"Nowy redaktor \u201eCommentarium Ordinis\u201d"},"content":{"rendered":"<p><strong>Dnia 14 lutego 2020 r. minister generalny fr. Carlos TROVARELLI, za zgod\u0105 swojego definitorium, mianowa\u0142 fr. Silvestru BEJAN nowym redaktorem \u201eCommentarium Ordinis\u201d.<\/strong><\/p>\n<p>Fr. Silvestru nale\u017cy do prowincji \u015bw. J\u00f3zefa Oblubie\u0144ca NMP w Rumunii. W wype\u0142nianiu swoich zada\u0144 b\u0119dzie opiera\u0142 si\u0119 na wskazaniach definitorium generalnego i wsp\u00f3\u0142pracowa\u0142 z sekretariatem generalnym oraz z generalnym biurem ds. komunikacji. Jest cz\u0142onkiem wsp\u00f3lnoty klasztoru \u015bwi\u0119tych Dwunastu Aposto\u0142\u00f3w w Rzymie, za\u015b wcze\u015bniej sprawowa\u0142 funkcj\u0119 delegata generalnego ds. ekumenizmu i dialogu mi\u0119dzyreligijnego w Asy\u017cu.<br \/>\nDo tej pory redaktorem \u201eCommentarium\u201d by\u0142 fr. Robert LE\u017bOHUPSKI z prowincji \u015bw. Maksymiliana M. Kolbego w Polsce (Gda\u0144sk). Obecnie pe\u0142ni on urz\u0105d gwardiana klasztoru \u015bw. Antoniego przy Termach Karakalli w Rzymie, a ponadto jest pracownikiem Penitencjarii Apostolskiej w Watykanie, s\u0119dzi\u0105 Trybuna\u0142u Ko\u015bcielnego Pa\u0144stwa Watyka\u0144skiego i wyk\u0142adowc\u0105 prawa kanonicznego.<br \/>\nMinister generalny wraz z definitorami dzi\u0119kuj\u0105 fr. Robertowi za prac\u0119 w\u0142o\u017con\u0105 w przygotowanie i redagowanie \u201eCommentarium Ordinis\u201d w ostatnich latach, a fr. Silvestru za gotowo\u015b\u0107 do podj\u0119cia nowego obowi\u0105zku.<\/p>\n<p style=\"text-align: right;\">Biuro ds. komunikacji<\/p>\n","protected":false},"excerpt":{"rendered":"<p>Dnia 14 lutego 2020 r. minister generalny fr. Carlos TROVARELLI, za zgod\u0105 swojego definitorium, mianowa\u0142 fr. Silvestru BEJAN nowym redaktorem \u201eCommentarium Ordinis\u201d. Fr. Silvestru nale\u017cy do prowincji \u015bw. J\u00f3zefa Oblubie\u0144ca NMP w Rumunii. W wype\u0142nianiu swoich zada\u0144 b\u0119dzie opiera\u0142 si\u0119 na wskazaniach definitorium generalnego i wsp\u00f3\u0142pracowa\u0142 z sekretariatem generalnym oraz z generalnym biurem ds. komunikacji. [&hellip;]<\/p>\n","protected":false},"author":1,"featured_media":22779,"comment_status":"closed","ping_status":"open","sticky":false,"template":"","format":"standard","meta":{"ngg_post_thumbnail":0,"footnotes":""},"categories":[140,149],"tags":[1799,1524],"class_list":["post-22783","post","type-post","status-publish","format-standard","has-post-thumbnail","category-sekretariat-generalny","category-wiadomosci","tag-nomina-pl","tag-nominacja"],"_links":{"self":[{"href":"https:\/\/www.ofmconv.net\/pl\/wp-json\/wp\/v2\/posts\/22783","targetHints":{"allow":["GET"]}}],"collection":[{"href":"https:\/\/www.ofmconv.net\/pl\/wp-json\/wp\/v2\/posts"}],"about":[{"href":"https:\/\/www.ofmconv.net\/pl\/wp-json\/wp\/v2\/types\/post"}],"author":[{"embeddable":true,"href":"https:\/\/www.ofmconv.net\/pl\/wp-json\/wp\/v2\/users\/1"}],"replies":[{"embeddable":true,"href":"https:\/\/www.ofmconv.net\/pl\/wp-json\/wp\/v2\/comments?post=22783"}],"version-history":[{"count":0,"href":"https:\/\/www.ofmconv.net\/pl\/wp-json\/wp\/v2\/posts\/22783\/revisions"}],"wp:featuredmedia":[{"embeddable":true,"href":"https:\/\/www.ofmconv.net\/pl\/wp-json\/wp\/v2\/media\/22779"}],"wp:attachment":[{"href":"https:\/\/www.ofmconv.net\/pl\/wp-json\/wp\/v2\/media?parent=22783"}],"wp:term":[{"taxonomy":"category","embeddable":true,"href":"https:\/\/www.ofmconv.net\/pl\/wp-json\/wp\/v2\/categories?post=22783"},{"taxonomy":"post_tag","embeddable":true,"href":"https:\/\/www.ofmconv.net\/pl\/wp-json\/wp\/v2\/tags?post=22783"}],"curies":[{"name":"wp","href":"https:\/\/api.w.org\/{rel}","templated":true}]}}