{"id":24245,"date":"2020-04-04T18:19:20","date_gmt":"2020-04-04T16:19:20","guid":{"rendered":"https:\/\/ofmconv.net\/?p=24245"},"modified":"2020-04-04T12:24:37","modified_gmt":"2020-04-04T10:24:37","slug":"spagna-nuovo-ministro-provinciale","status":"publish","type":"post","link":"https:\/\/www.ofmconv.net\/pl\/spagna-nuovo-ministro-provinciale\/","title":{"rendered":"Hiszpania: nowy minister prowincjalny"},"content":{"rendered":"<p><strong>W pi\u0105tek 3 kwietnia 2020 r. fr. Juan Antonio AD\u00c1NEZ SILV\u00c1N zosta\u0142 wybrany \u2013 w trzecim g\u0142osowaniu listownym \u2013 nowym ministrem prowincjalnym prowincji Naszej Pani z Montserrat w Hiszpanii.<\/strong><\/p>\n<p>Fr. Juan Antonio urodzi\u0142 si\u0119 6 wrze\u015bnia 1958 r. w Almorox (Toledo). Ucz\u0119szcza\u0142 do ni\u017cszego seminarium franciszkan\u00f3w w Palencia, a nast\u0119pnie, po rocznym nowicjacie w Saragossie, z\u0142o\u017cy\u0142 \u015bluby czasowe w dniu 12 wrze\u015bnia 1976 r. Studia filozoficzne odby\u0142 w Asy\u017cu, a teologiczne u jezuit\u00f3w w Sant Cugat (Barcelona). Licencjat z zakresu teologii duchowo\u015bci uzyska\u0142 na Papieskim Uniwersytecie Gregoria\u0144skim w Rzymie w 1983 r.<br \/>\n\u015aluby wieczyste z\u0142o\u017cy\u0142 4 wrze\u015bnia 1982 r., za\u015b \u015bwi\u0119cenia kap\u0142a\u0144skie przyj\u0105\u0142 12 maja 1984 r. z r\u0105k kard. Marcelo GONZ\u00c1LEZ MART\u00cdN w parafii \u015bw. Krzysztofa w Almorox.<br \/>\nPracowa\u0142 w kilku parafiach: Sewilli, Saragossie, Palencia i Barcelonie. Jako kierownik wydzia\u0142u duszpasterskiego prowadzi\u0142 r\u00f3wnie\u017c wyk\u0142ady w kolegium \u015bw. Bonawentury w Madrycie. By\u0142 delegatem prowincjalnym ds. duszpasterstwa m\u0142odzie\u017cowego i powo\u0142aniowego, a od 1998 do 2000 r. dyrektorem sekretariatu krajowego ds. duszpasterstwa m\u0142odzie\u017cowego i powo\u0142aniowego przy hiszpa\u0144skiej konferencji zakon\u00f3w.<br \/>\nPrzez cztery kadencje by\u0142 definitorem prowincjalnym i wsp\u00f3\u0142pracownikiem czasopisma \u201eAntena Conventual\u201d, wydawanego przez prowincj\u0119 hiszpa\u0144sk\u0105. Dotychczas by\u0142 wikariuszem prowincji i gwardianem klasztoru w Valladolid.<\/p>\n<p style=\"text-align: right;\">Biuro ds. komunikacji<\/p>\nngg_shortcode_0_placeholder\n","protected":false},"excerpt":{"rendered":"<p>W pi\u0105tek 3 kwietnia 2020 r. fr. Juan Antonio AD\u00c1NEZ SILV\u00c1N zosta\u0142 wybrany \u2013 w trzecim g\u0142osowaniu listownym \u2013 nowym ministrem prowincjalnym prowincji Naszej Pani z Montserrat w Hiszpanii. Fr. Juan Antonio urodzi\u0142 si\u0119 6 wrze\u015bnia 1958 r. w Almorox (Toledo). Ucz\u0119szcza\u0142 do ni\u017cszego seminarium franciszkan\u00f3w w Palencia, a nast\u0119pnie, po rocznym nowicjacie w Saragossie, [&hellip;]<\/p>\n","protected":false},"author":1,"featured_media":24241,"comment_status":"closed","ping_status":"open","sticky":false,"template":"","format":"standard","meta":{"ngg_post_thumbnail":0,"footnotes":""},"categories":[131,118,149],"tags":[897,896],"class_list":["post-24245","post","type-post","status-publish","format-standard","has-post-thumbnail","category-federacje","category-fimp-pl","category-wiadomosci","tag-hiszpania","tag-spagna-pl"],"_links":{"self":[{"href":"https:\/\/www.ofmconv.net\/pl\/wp-json\/wp\/v2\/posts\/24245","targetHints":{"allow":["GET"]}}],"collection":[{"href":"https:\/\/www.ofmconv.net\/pl\/wp-json\/wp\/v2\/posts"}],"about":[{"href":"https:\/\/www.ofmconv.net\/pl\/wp-json\/wp\/v2\/types\/post"}],"author":[{"embeddable":true,"href":"https:\/\/www.ofmconv.net\/pl\/wp-json\/wp\/v2\/users\/1"}],"replies":[{"embeddable":true,"href":"https:\/\/www.ofmconv.net\/pl\/wp-json\/wp\/v2\/comments?post=24245"}],"version-history":[{"count":0,"href":"https:\/\/www.ofmconv.net\/pl\/wp-json\/wp\/v2\/posts\/24245\/revisions"}],"wp:featuredmedia":[{"embeddable":true,"href":"https:\/\/www.ofmconv.net\/pl\/wp-json\/wp\/v2\/media\/24241"}],"wp:attachment":[{"href":"https:\/\/www.ofmconv.net\/pl\/wp-json\/wp\/v2\/media?parent=24245"}],"wp:term":[{"taxonomy":"category","embeddable":true,"href":"https:\/\/www.ofmconv.net\/pl\/wp-json\/wp\/v2\/categories?post=24245"},{"taxonomy":"post_tag","embeddable":true,"href":"https:\/\/www.ofmconv.net\/pl\/wp-json\/wp\/v2\/tags?post=24245"}],"curies":[{"name":"wp","href":"https:\/\/api.w.org\/{rel}","templated":true}]}}