{"id":24900,"date":"2020-05-15T12:13:38","date_gmt":"2020-05-15T10:13:38","guid":{"rendered":"https:\/\/ofmconv.net\/seraphicum-ministeri-di-lettorato-e-accolitato\/"},"modified":"2020-05-15T12:17:14","modified_gmt":"2020-05-15T10:17:14","slug":"seraphicum-ministeri-di-lettorato-e-accolitato","status":"publish","type":"post","link":"https:\/\/www.ofmconv.net\/pl\/seraphicum-ministeri-di-lettorato-e-accolitato\/","title":{"rendered":"Seraphicum: pos\u0142uga lektoratu i akolitatu"},"content":{"rendered":"<p><strong>We wtorek 12 maja 2020 r., podczas liturgii eucharystycznej w kaplicy \u015bw. Bonawentury w mi\u0119dzynarodowym kolegium Seraphicum w Rzymie, minister generalny fr. Carlos A. TROVARELLI wprowadzi\u0142 w pos\u0142ug\u0119 lektoratu i akolitatu kilku alumn\u00f3w.<\/strong><\/p>\n<p>Na pocz\u0105tku uroczysto\u015bci fr. Felice FIASCONARO, gwardian, podzi\u0119kowa\u0142 ministrowi generalnemu za przybycie i zach\u0119ci\u0142 ca\u0142\u0105 wsp\u00f3lnot\u0119 do modlitwy za braci przyjmuj\u0105cych t\u0119 pos\u0142ug\u0119, kt\u00f3ra jest niezb\u0119dna do otrzymania \u015bwi\u0119ce\u0144. W tym gronie jest 5 lektor\u00f3w i 4 akolit\u00f3w.<br \/>\nDo obowi\u0105zk\u00f3w lektor\u00f3w nale\u017cy czytanie s\u0142owa Bo\u017cego podczas zgromadze\u0144 liturgicznych i prawid\u0142owe przygotowanie wiernych do zrozumienia Pisma \u015awi\u0119tego. Z kolei akolici s\u0142u\u017c\u0105 pomoc\u0105 kap\u0142anom i diakonom w sprawowaniu liturgii, a do ich zada\u0144 poza liturgi\u0105 nale\u017cy pe\u0142nienie dzie\u0142 mi\u0142osierdzia, jak troska o chorych i najbardziej potrzebuj\u0105cych.<br \/>\nO tych aspektach pos\u0142ugi m\u00f3wi\u0142 minister generalny w wyg\u0142oszonej homilii, podkre\u015blaj\u0105c, \u017ce \u201ePan jest obecny w swoim s\u0142owie i w sakramentach, ale tak\u017ce w ubogich\u201d. \u201eS\u0142owo i sprawowanie sakrament\u00f3w \u2013 powiedzia\u0142 \u2013 zach\u0119caj\u0105 cz\u0142owieka do wspania\u0142omy\u015blnego daru z siebie i do \u017cycia dla ubogich\u201d. Nawi\u0105zuj\u0105c do dzisiejszej Ewangelii zaznaczy\u0142, \u017ce w\u0142a\u015bnie ta bezinteresowna s\u0142u\u017cba otwiera serce cz\u0142owieka na Jezusa, a On sam zapewnia ka\u017cdemu sw\u00f3j pok\u00f3j i nadziej\u0119, to znaczy nadaje sens \u017cyciu. W tym kontek\u015bcie s\u0105 umiejscowione w\u0142a\u015bnie te pos\u0142ugi, kt\u00f3re ukierunkowuj\u0105 na Chrystusa, s\u0105 Jego darem i Jego \u0142ask\u0105 dla przyjmuj\u0105cych i dla ca\u0142ej wsp\u00f3lnoty chrze\u015bcija\u0144skiej.<br \/>\nBracia, kt\u00f3rzy przyj\u0119li pos\u0142ugi:<br \/>\nLektorat: fr. Jadson PEREIRA REGO, fr. Deusdedit SILAYO, fr. James MALISA, fr. Daniel TIENDREBEOGO, fr. Salvatore M. ROBUSTELLI.<br \/>\nAkolitat: fr. Robert CALLEJA, fr. Naveen KANDATHIL THOMAS, fr. Jijo BHARALIKULANGARA, fr. Erwin Alexis RAMIREZ ARAUJO.<\/p>\n<p style=\"text-align: right;\">Biuro prasowe Seraphicum<\/p>\n","protected":false},"excerpt":{"rendered":"<p>We wtorek 12 maja 2020 r., podczas liturgii eucharystycznej w kaplicy \u015bw. Bonawentury w mi\u0119dzynarodowym kolegium Seraphicum w Rzymie, minister generalny fr. Carlos A. TROVARELLI wprowadzi\u0142 w pos\u0142ug\u0119 lektoratu i akolitatu kilku alumn\u00f3w. Na pocz\u0105tku uroczysto\u015bci fr. Felice FIASCONARO, gwardian, podzi\u0119kowa\u0142 ministrowi generalnemu za przybycie i zach\u0119ci\u0142 ca\u0142\u0105 wsp\u00f3lnot\u0119 do modlitwy za braci przyjmuj\u0105cych t\u0119 [&hellip;]<\/p>\n","protected":false},"author":1,"featured_media":24896,"comment_status":"closed","ping_status":"open","sticky":false,"template":"","format":"standard","meta":{"ngg_post_thumbnail":0,"footnotes":""},"categories":[144,149],"tags":[336,430,356,1724,335],"class_list":["post-24900","post","type-post","status-publish","format-standard","has-post-thumbnail","category-ufficio-comunicazioni-pl","category-wiadomosci","tag-domy-generalne","tag-minister-generalny","tag-rzym","tag-seraphicum-2-pl","tag-seraphicum-pl"],"_links":{"self":[{"href":"https:\/\/www.ofmconv.net\/pl\/wp-json\/wp\/v2\/posts\/24900","targetHints":{"allow":["GET"]}}],"collection":[{"href":"https:\/\/www.ofmconv.net\/pl\/wp-json\/wp\/v2\/posts"}],"about":[{"href":"https:\/\/www.ofmconv.net\/pl\/wp-json\/wp\/v2\/types\/post"}],"author":[{"embeddable":true,"href":"https:\/\/www.ofmconv.net\/pl\/wp-json\/wp\/v2\/users\/1"}],"replies":[{"embeddable":true,"href":"https:\/\/www.ofmconv.net\/pl\/wp-json\/wp\/v2\/comments?post=24900"}],"version-history":[{"count":0,"href":"https:\/\/www.ofmconv.net\/pl\/wp-json\/wp\/v2\/posts\/24900\/revisions"}],"wp:featuredmedia":[{"embeddable":true,"href":"https:\/\/www.ofmconv.net\/pl\/wp-json\/wp\/v2\/media\/24896"}],"wp:attachment":[{"href":"https:\/\/www.ofmconv.net\/pl\/wp-json\/wp\/v2\/media?parent=24900"}],"wp:term":[{"taxonomy":"category","embeddable":true,"href":"https:\/\/www.ofmconv.net\/pl\/wp-json\/wp\/v2\/categories?post=24900"},{"taxonomy":"post_tag","embeddable":true,"href":"https:\/\/www.ofmconv.net\/pl\/wp-json\/wp\/v2\/tags?post=24900"}],"curies":[{"name":"wp","href":"https:\/\/api.w.org\/{rel}","templated":true}]}}