{"id":25158,"date":"2020-06-03T20:37:19","date_gmt":"2020-06-03T18:37:19","guid":{"rendered":"https:\/\/ofmconv.net\/lettera-del-papa-per-lottavo-centenario-antoniano\/"},"modified":"2020-06-04T09:31:35","modified_gmt":"2020-06-04T07:31:35","slug":"lettera-del-papa-per-lottavo-centenario-antoniano","status":"publish","type":"post","link":"https:\/\/www.ofmconv.net\/pl\/lettera-del-papa-per-lottavo-centenario-antoniano\/","title":{"rendered":"List papie\u017ca na osiemsetlecie wst\u0105pienia \u015bw. Antoniego do franciszkan\u00f3w"},"content":{"rendered":"<p><strong>Z okazji 800. rocznicy wst\u0105pienia \u015bw. Antoniego z Padwy do Zakonu franciszkan\u00f3w papie\u017c Franciszek skierowa\u0142 list do ministra generalnego fr. Carlosa TROVARELLI, nosz\u0105cy dat\u0119 15 lutego 2020 r.<\/strong><\/p>\n<p>Po kr\u00f3tkim ukazaniu historii powo\u0142ania Ferdynanda z Lizbony, pocz\u0105wszy od spotkania z pierwszymi m\u0119czennikami franciszka\u0144skimi w Coimbrze a\u017c po pobyt w Padwie, papie\u017c zach\u0119ca braci z Zakonu i wszystkich franciszkan\u00f3w do prze\u017cycia tej rocznicy jako okazji do szukania tego samego \u201eniepokoju\u201d \u015bw. Antoniego, aby g\u0142osi\u0107 Ewangeli\u0119 i mi\u0142o\u015b\u0107 bli\u017aniego.<br \/>\nDla papie\u017ca Franciszka nasz \u015bwi\u0119ty jest przede wszystkim przyk\u0142adem dla m\u0142odzie\u017cy, poniewa\u017c jego intuicje ewangeliczne s\u0105 zawsze aktualne i stanowi\u0105 pow\u00f3d do refleksji nad powo\u0142aniem. Razem ze \u015bw. Antonim wszyscy s\u0105 zaproszeni do \u201eujrzenia Pana\u201d w obliczu brata, aby nie\u015b\u0107 pociech\u0119 i nadziej\u0119.<\/p>\n<p style=\"text-align: right;\">Biuro ds. komunikacji<\/p>\n<p style=\"text-align: center;\">Do Czcigodnego Ojca<br \/>\n<strong>Carlosa Alberto TROVARELLI<br \/>\n<\/strong>Ministra generalnego<br \/>\nZakonu Braci Mniejszych Konwentualnych<\/p>\n<p>Z przyjemno\u015bci\u0105 dowiedzia\u0142em si\u0119, \u017ce Zakon z rado\u015bci\u0105 obchodzi osiemsetlecie powo\u0142ania franciszka\u0144skiego \u015bw. Antoniego z Padwy. Osiemset lat temu, w Coimbrze, m\u0142ody kanonik regularny augustian\u00f3w Ferdynand, urodzony w Lizbonie, dowiedzia\u0142 si\u0119 o m\u0119cze\u0144stwie pi\u0119ciu franciszkan\u00f3w, zabitych z powodu wiary chrze\u015bcija\u0144skiej 16 stycznia tego samego roku w Maroku, i postanowi\u0142 zmieni\u0107 swoje \u017cycie.<br \/>\nOpu\u015bci\u0142 swoj\u0105 ojczyzn\u0119 i wyruszy\u0142 w drog\u0119, symbolizuj\u0105c\u0105 jego duchow\u0105 w\u0119dr\u00f3wk\u0119 nawr\u00f3cenia. Najpierw uda\u0142 si\u0119 do Maroka, zdecydowany odwa\u017cnie \u017cy\u0107 Ewangeli\u0105 na \u015bladach zamordowanych tam m\u0119czennik\u00f3w franciszka\u0144skich, a nast\u0119pnie, w wyniku rozbicia si\u0119 statku u wybrze\u017cy W\u0142och, jak to zdarza si\u0119 dzi\u015b wielu naszym braciom i siostrom, dotar\u0142 na Sycyli\u0119. Z ziemi sycylijskiej opatrzno\u015bciowy plan Bo\u017cy doprowadzi\u0142 go na drogach W\u0142och i Francji do spotkania ze \u015bw. Franciszkiem z Asy\u017cu. W ko\u0144cu przeni\u00f3s\u0142 si\u0119 do Padwy, miasta, kt\u00f3re na zawsze w spos\u00f3b szczeg\u00f3lny b\u0119dzie zwi\u0105zane z jego imieniem i kt\u00f3re strze\u017ce jego cia\u0142a.<br \/>\nWyra\u017cam \u017cyczenie, aby ta znacz\u0105ca rocznica wzbudzi\u0142a, zw\u0142aszcza w\u015br\u00f3d zakonnik\u00f3w franciszka\u0144skich i czcicieli \u015bw. Antoniego rozproszonych po ca\u0142ym \u015bwiecie, pragnienie do\u015bwiadczenia tego samego \u015bwi\u0119tego niepokoju, kt\u00f3ry prowadzi\u0142 go po drogach \u015bwiata, aby s\u0142owem i czynem \u015bwiadczy\u0107 o mi\u0142o\u015bci Boga. Jego przyk\u0142ad wsp\u00f3\u0142dzielenia trudno\u015bci rodzin, ubogich i n\u0119dzarzy, jak te\u017c zami\u0142owanie do prawdy i sprawiedliwo\u015bci, mog\u0105 jeszcze dzi\u015b rozbudzi\u0107 wspania\u0142omy\u015blne zobowi\u0105zanie do oddania siebie na znak braterstwa. My\u015bl\u0119 przede wszystkim o m\u0142odzie\u017cy: ten dawny \u015awi\u0119ty, lecz tak bardzo nowoczesny i genialny w swojej intuicji, mo\u017ce by\u0107 wzorem do na\u015bladowania dla nowych pokole\u0144, aby drog\u0119 ka\u017cdego z nas uczyni\u0107 owocn\u0105.<br \/>\nDuchowo \u0142\u0105cz\u0119 si\u0119 z tymi, kt\u00f3rzy wezm\u0105 udzia\u0142 w r\u00f3\u017cnych inicjatywach podj\u0119tych w celu prze\u017cywania na modlitwie i w mi\u0142o\u015bci osiemsetlecia antonia\u0144skiego. \u017bycz\u0119 wszystkim, aby mogli powt\u00f3rzy\u0107 za \u015bw. Antonim: \u201eWidz\u0119 Pana mego!\u201d. Jest czym\u015b koniecznym \u201ewidzie\u0107 Pana\u201d w obliczu ka\u017cdego brata i siostry, daj\u0105c wszystkim pociech\u0119, nadziej\u0119 i mo\u017cliwo\u015b\u0107 spotkania ze S\u0142owem Bo\u017cym, na kt\u00f3rym mo\u017cna zakotwiczy\u0107 w\u0142asne \u017cycie.<br \/>\nZ tymi uczuciami, prosz\u0105c o modlitw\u0119 za mnie, z serca udzielam apostolskiego b\u0142ogos\u0142awie\u0144stwa rodzinie Braci Mniejszych Konwentualnych i tym, kt\u00f3rzy s\u0105 zainspirowani duchowo\u015bci\u0105 \u015bw. Antoniego z Padwy.<\/p>\n<p style=\"text-align: right;\">Z braterskim pozdrowieniem<br \/>\nFranciscus<\/p>\n<p style=\"text-align: right;\">Rzym, u \u015aw. Jana na Lateranie, 15 lutego 2020 r.<\/p>\n<p>\u00a9 Copyright &#8211; Libreria Editrice Vaticana<br \/>\nIl testo originale \u00e8 in italiano.<\/p>\n","protected":false},"excerpt":{"rendered":"<p>Z okazji 800. rocznicy wst\u0105pienia \u015bw. Antoniego z Padwy do Zakonu franciszkan\u00f3w papie\u017c Franciszek skierowa\u0142 list do ministra generalnego fr. Carlosa TROVARELLI, nosz\u0105cy dat\u0119 15 lutego 2020 r. Po kr\u00f3tkim ukazaniu historii powo\u0142ania Ferdynanda z Lizbony, pocz\u0105wszy od spotkania z pierwszymi m\u0119czennikami franciszka\u0144skimi w Coimbrze a\u017c po pobyt w Padwie, papie\u017c zach\u0119ca braci z Zakonu [&hellip;]<\/p>\n","protected":false},"author":1,"featured_media":25154,"comment_status":"closed","ping_status":"open","sticky":false,"template":"","format":"standard","meta":{"ngg_post_thumbnail":0,"footnotes":""},"categories":[144,149],"tags":[1204,311],"class_list":["post-25158","post","type-post","status-publish","format-standard","has-post-thumbnail","category-ufficio-comunicazioni-pl","category-wiadomosci","tag-papa-francesco-pl","tag-papiez-franciszek"],"_links":{"self":[{"href":"https:\/\/www.ofmconv.net\/pl\/wp-json\/wp\/v2\/posts\/25158","targetHints":{"allow":["GET"]}}],"collection":[{"href":"https:\/\/www.ofmconv.net\/pl\/wp-json\/wp\/v2\/posts"}],"about":[{"href":"https:\/\/www.ofmconv.net\/pl\/wp-json\/wp\/v2\/types\/post"}],"author":[{"embeddable":true,"href":"https:\/\/www.ofmconv.net\/pl\/wp-json\/wp\/v2\/users\/1"}],"replies":[{"embeddable":true,"href":"https:\/\/www.ofmconv.net\/pl\/wp-json\/wp\/v2\/comments?post=25158"}],"version-history":[{"count":0,"href":"https:\/\/www.ofmconv.net\/pl\/wp-json\/wp\/v2\/posts\/25158\/revisions"}],"wp:featuredmedia":[{"embeddable":true,"href":"https:\/\/www.ofmconv.net\/pl\/wp-json\/wp\/v2\/media\/25154"}],"wp:attachment":[{"href":"https:\/\/www.ofmconv.net\/pl\/wp-json\/wp\/v2\/media?parent=25158"}],"wp:term":[{"taxonomy":"category","embeddable":true,"href":"https:\/\/www.ofmconv.net\/pl\/wp-json\/wp\/v2\/categories?post=25158"},{"taxonomy":"post_tag","embeddable":true,"href":"https:\/\/www.ofmconv.net\/pl\/wp-json\/wp\/v2\/tags?post=25158"}],"curies":[{"name":"wp","href":"https:\/\/api.w.org\/{rel}","templated":true}]}}