{"id":25617,"date":"2020-06-22T20:22:30","date_gmt":"2020-06-22T18:22:30","guid":{"rendered":"https:\/\/ofmconv.net\/roma-nasce-la-scuola-di-grafologia-del-seraphicum\/"},"modified":"2020-06-22T20:25:41","modified_gmt":"2020-06-22T18:25:41","slug":"roma-nasce-la-scuola-di-grafologia-del-seraphicum","status":"publish","type":"post","link":"https:\/\/www.ofmconv.net\/pl\/roma-nasce-la-scuola-di-grafologia-del-seraphicum\/","title":{"rendered":"Rzym: powstaje szko\u0142a grafologii w Seraphicum"},"content":{"rendered":"<p><strong>Od najbli\u017cszego roku akademickiego 2020-2021 rozpoczyna dzia\u0142alno\u015b\u0107 szko\u0142a grafologii przy Papieskim Wydziale Teologicznym \u015aw. Bonawentury w Rzymie.<\/strong><\/p>\n<p>Specjalizacja ta wpisuje si\u0119 w dziedzin\u0119 historii franciszka\u0144skiej, gdy\u017c ojcem grafologii w\u0142oskiej jest pochodz\u0105cy z Marche fr. Girolamo MORETTI OFMConv (1879-1963), kt\u00f3ry przez ponad 50 lat po\u015bwi\u0119ci\u0142 si\u0119 studiom, badaniom i nauczaniu tej fascynuj\u0105cej dyscypliny.<br \/>\nDotychczas w Seraphicum by\u0142y prowadzone kursy grafologii, za\u015b teraz uczelnia robi decyduj\u0105cy krok naprz\u00f3d, ustanawiaj\u0105c now\u0105 trzyletni\u0105 szko\u0142\u0119. Kursy b\u0119d\u0105 odbywa\u0107 si\u0119 od 25 wrze\u015bnia do 12 czerwca 2021 r. w ka\u017cdy pi\u0105tek od godz. 15 do 19. Dla tych, kt\u00f3rzy nie b\u0119d\u0105 mogli uczestniczy\u0107 w zaj\u0119ciach w auli wyk\u0142adowej, przewidziane s\u0105 interaktywne kursy online w ka\u017cdy czwartek od godz. 15 do 19, poczynaj\u0105c od 24 wrze\u015bnia do 11 czerwca 2021 r.<br \/>\nGrafologia jest bardzo fascynuj\u0105c\u0105 dyscyplin\u0105, gdy\u017c poprzez analiz\u0119 pisma stanowi klucz dost\u0119pu do pog\u0142\u0119bionej wiedzy o osobach z psychologicznego punktu widzenia, pozwalaj\u0105c tym samym na lepsze poznanie samego siebie, zrozumienie ludzkich zachowa\u0144 i ubogacenie wzajemnych relacji.<br \/>\nCelem szko\u0142y grafologii jest zdobycie profesjonalnego, technicznego i naukowego narz\u0119dzia, przydatnego w r\u00f3\u017cnych dziedzinach dzia\u0142alno\u015bci, jak w analizie osobowo\u015bci i zasob\u00f3w ludzkich, s\u0105downictwie, kryminologii, medycynie, w badaniach nad okresem rozwojowym, a tak\u017ce w zakresie duszpasterskim i powo\u0142aniowym.<br \/>\nKursy s\u0105 kierowane dla os\u00f3b zainteresowanych tym tematem, dla os\u00f3b w ka\u017cdym wieku i o r\u00f3\u017cnych umiej\u0119tno\u015bciach, dla student\u00f3w i dla zaanga\u017cowanych w dziedzinie formacji, dla pracownik\u00f3w s\u0105downictwa, medycznych i zajmuj\u0105cych si\u0119 psychologi\u0105, dla podejmuj\u0105cych kierownictwo duchowe i prowadz\u0105cych duszpasterstwo.<br \/>\nPlan studi\u00f3w obejmuje trzy lata. Przewiduje si\u0119 tak\u017ce specjalizacje z grafologii okresu rozwojowego, grafologii zasob\u00f3w ludzkich, grafologii dotycz\u0105cej ekspertyz s\u0105dowych i grafologii duszpasterskiej.<br \/>\nWi\u0119cej informacji mo\u017cna znale\u017a\u0107 na stronie internetowej (<a href=\"https:\/\/www.scuoladigrafologiaseraphicum.it\">https:\/\/ www.scuoladigrafologiaseraphicum.it<\/a>) albo uzyska\u0107 w sekretariacie szko\u0142y (grafologia@seraphicum.org).<\/p>\n<p style=\"text-align: right;\">Elisabetta LO IACONO, biuro prasowe Seraphicum<\/p>\n","protected":false},"excerpt":{"rendered":"<p>Od najbli\u017cszego roku akademickiego 2020-2021 rozpoczyna dzia\u0142alno\u015b\u0107 szko\u0142a grafologii przy Papieskim Wydziale Teologicznym \u015aw. Bonawentury w Rzymie. Specjalizacja ta wpisuje si\u0119 w dziedzin\u0119 historii franciszka\u0144skiej, gdy\u017c ojcem grafologii w\u0142oskiej jest pochodz\u0105cy z Marche fr. Girolamo MORETTI OFMConv (1879-1963), kt\u00f3ry przez ponad 50 lat po\u015bwi\u0119ci\u0142 si\u0119 studiom, badaniom i nauczaniu tej fascynuj\u0105cej dyscypliny. Dotychczas w Seraphicum [&hellip;]<\/p>\n","protected":false},"author":1,"featured_media":25613,"comment_status":"closed","ping_status":"open","sticky":false,"template":"","format":"standard","meta":{"ngg_post_thumbnail":0,"footnotes":""},"categories":[144,149],"tags":[335,1724],"class_list":["post-25617","post","type-post","status-publish","format-standard","has-post-thumbnail","category-ufficio-comunicazioni-pl","category-wiadomosci","tag-seraphicum-pl","tag-seraphicum-2-pl"],"_links":{"self":[{"href":"https:\/\/www.ofmconv.net\/pl\/wp-json\/wp\/v2\/posts\/25617","targetHints":{"allow":["GET"]}}],"collection":[{"href":"https:\/\/www.ofmconv.net\/pl\/wp-json\/wp\/v2\/posts"}],"about":[{"href":"https:\/\/www.ofmconv.net\/pl\/wp-json\/wp\/v2\/types\/post"}],"author":[{"embeddable":true,"href":"https:\/\/www.ofmconv.net\/pl\/wp-json\/wp\/v2\/users\/1"}],"replies":[{"embeddable":true,"href":"https:\/\/www.ofmconv.net\/pl\/wp-json\/wp\/v2\/comments?post=25617"}],"version-history":[{"count":0,"href":"https:\/\/www.ofmconv.net\/pl\/wp-json\/wp\/v2\/posts\/25617\/revisions"}],"wp:featuredmedia":[{"embeddable":true,"href":"https:\/\/www.ofmconv.net\/pl\/wp-json\/wp\/v2\/media\/25613"}],"wp:attachment":[{"href":"https:\/\/www.ofmconv.net\/pl\/wp-json\/wp\/v2\/media?parent=25617"}],"wp:term":[{"taxonomy":"category","embeddable":true,"href":"https:\/\/www.ofmconv.net\/pl\/wp-json\/wp\/v2\/categories?post=25617"},{"taxonomy":"post_tag","embeddable":true,"href":"https:\/\/www.ofmconv.net\/pl\/wp-json\/wp\/v2\/tags?post=25617"}],"curies":[{"name":"wp","href":"https:\/\/api.w.org\/{rel}","templated":true}]}}