{"id":25743,"date":"2020-06-27T15:02:32","date_gmt":"2020-06-27T13:02:32","guid":{"rendered":"https:\/\/ofmconv.net\/roma-conclusione-dellanno-accademico-dei-frati-studenti-dellasia\/"},"modified":"2020-06-27T15:05:33","modified_gmt":"2020-06-27T13:05:33","slug":"roma-conclusione-dellanno-accademico-dei-frati-studenti-dellasia","status":"publish","type":"post","link":"https:\/\/www.ofmconv.net\/pl\/roma-conclusione-dellanno-accademico-dei-frati-studenti-dellasia\/","title":{"rendered":"Rzym: zako\u0144czenie roku akademickiego braci student\u00f3w z Azji"},"content":{"rendered":"<p><strong>Wieczorem 24 czerwca 2020 r. wsp\u00f3\u0142bracia z Azji studiuj\u0105cy w Seraphicum w Rzymie zorganizowali wiecz\u00f3r mi\u0119dzykulturowy z okazji zako\u0144czenia roku akademickiego.<\/strong><\/p>\n<p>R\u00f3\u017cnorodno\u015b\u0107 da\u0144 przygotowanych na kolacj\u0119 odzwierciedli\u0142a narodowo\u015bci reprezentowane obecnie w mie\u015bcie: Indie (prowincja \u015bw. Maksymiliana M. Kolbego), Indonezja (prowincja Maryi Niepokalanej), Wietnam (delegatura prowincjalna), Filipiny (kustodia prowincjalna Niepokalanego Pocz\u0119cia i b\u0142. Bonawentury z Potenzy), Korea Po\u0142udniowa (prowincja \u015bw. Maksymiliana M. Kolbego) i Chiny.<br \/>\nObecni byli tak\u017ce niekt\u00f3rzy bracia z dom\u00f3w generalskich w Rzymie, w tym fr. Benedict BAEK, asystent generalny FAMC (Federation of Asian Minor Conventuals), kt\u00f3ry w imieniu ministra generalnego wyrazi\u0142 s\u0142owa wdzi\u0119czno\u015bci i zach\u0119ty.<br \/>\nW tym roku, naznaczonym pandemi\u0105, wraz z naszymi bra\u0107mi studentami dzi\u0119kujemy Bogu za to, \u017ce daje nam zawsze nadziej\u0119 na budowanie nowego \u015bwiata.<\/p>\n<p style=\"text-align: right;\">Fr. Anthony M. LAJATO<\/p>\n","protected":false},"excerpt":{"rendered":"<p>Wieczorem 24 czerwca 2020 r. wsp\u00f3\u0142bracia z Azji studiuj\u0105cy w Seraphicum w Rzymie zorganizowali wiecz\u00f3r mi\u0119dzykulturowy z okazji zako\u0144czenia roku akademickiego. R\u00f3\u017cnorodno\u015b\u0107 da\u0144 przygotowanych na kolacj\u0119 odzwierciedli\u0142a narodowo\u015bci reprezentowane obecnie w mie\u015bcie: Indie (prowincja \u015bw. Maksymiliana M. Kolbego), Indonezja (prowincja Maryi Niepokalanej), Wietnam (delegatura prowincjalna), Filipiny (kustodia prowincjalna Niepokalanego Pocz\u0119cia i b\u0142. Bonawentury z Potenzy), [&hellip;]<\/p>\n","protected":false},"author":1,"featured_media":25739,"comment_status":"closed","ping_status":"open","sticky":false,"template":"","format":"standard","meta":{"ngg_post_thumbnail":0,"footnotes":""},"categories":[111,131,149],"tags":[356,1724,335],"class_list":["post-25743","post","type-post","status-publish","format-standard","has-post-thumbnail","category-famc-pl","category-federacje","category-wiadomosci","tag-rzym","tag-seraphicum-2-pl","tag-seraphicum-pl"],"_links":{"self":[{"href":"https:\/\/www.ofmconv.net\/pl\/wp-json\/wp\/v2\/posts\/25743","targetHints":{"allow":["GET"]}}],"collection":[{"href":"https:\/\/www.ofmconv.net\/pl\/wp-json\/wp\/v2\/posts"}],"about":[{"href":"https:\/\/www.ofmconv.net\/pl\/wp-json\/wp\/v2\/types\/post"}],"author":[{"embeddable":true,"href":"https:\/\/www.ofmconv.net\/pl\/wp-json\/wp\/v2\/users\/1"}],"replies":[{"embeddable":true,"href":"https:\/\/www.ofmconv.net\/pl\/wp-json\/wp\/v2\/comments?post=25743"}],"version-history":[{"count":0,"href":"https:\/\/www.ofmconv.net\/pl\/wp-json\/wp\/v2\/posts\/25743\/revisions"}],"wp:featuredmedia":[{"embeddable":true,"href":"https:\/\/www.ofmconv.net\/pl\/wp-json\/wp\/v2\/media\/25739"}],"wp:attachment":[{"href":"https:\/\/www.ofmconv.net\/pl\/wp-json\/wp\/v2\/media?parent=25743"}],"wp:term":[{"taxonomy":"category","embeddable":true,"href":"https:\/\/www.ofmconv.net\/pl\/wp-json\/wp\/v2\/categories?post=25743"},{"taxonomy":"post_tag","embeddable":true,"href":"https:\/\/www.ofmconv.net\/pl\/wp-json\/wp\/v2\/tags?post=25743"}],"curies":[{"name":"wp","href":"https:\/\/api.w.org\/{rel}","templated":true}]}}