{"id":28607,"date":"2020-10-20T18:11:08","date_gmt":"2020-10-20T16:11:08","guid":{"rendered":"https:\/\/ofmconv.net\/seraphicum-inaugurazione-117-anno-accademico\/"},"modified":"2020-10-20T18:15:42","modified_gmt":"2020-10-20T16:15:42","slug":"seraphicum-inaugurazione-117-anno-accademico","status":"publish","type":"post","link":"https:\/\/www.ofmconv.net\/pl\/seraphicum-inaugurazione-117-anno-accademico\/","title":{"rendered":"Seraphicum: inauguracja 117. roku akademickiego"},"content":{"rendered":"<p><strong>\u201eNa cze\u015b\u0107 i chwa\u0142\u0119 Tr\u00f3jcy Przenaj\u015bwi\u0119tszej, Ojca i Syna i Ducha \u015awi\u0119tego, wzywaj\u0105c wstawiennictwa Naj\u015bwi\u0119tszej Maryi Panny, Matki Bo\u017cej, ojca serafickiego \u015bw. Franciszka i doktora serafickiego \u015bw. Bonawentury, jako wielki wicekanclerz wydzia\u0142u, og\u0142aszam rok akademicki 2020\/2021 za otwarty \u2013 117. rok w historii wydzia\u0142u\u201d.<\/strong><\/p>\n<p>T\u0105 zwyczajow\u0105 formu\u0142\u0105, wypowiedzian\u0105 w sobot\u0119 17 pa\u017adziernika 2020 r., fr. Jan MACIEJOWSKI, wikariusz generalny Zakonu Braci Mniejszych Konwentualnych i wielki wicekanclerz wydzia\u0142u, og\u0142osi\u0142 otwarcie nowego roku akademickiego na Papieskim Wydziale Teologicznym \u015aw. Bonawentury w Rzymie.<br \/>\nWcze\u015bniej fr. Jan MACIEJOWSKI przewodniczy\u0142 Mszy \u015bw. w kaplicy Seraphicum. W homilii nawi\u0105za\u0142 do trudnego okresu, jaki prze\u017cywamy w zwi\u0105zku z pandemi\u0105, podkre\u015blaj\u0105c, \u017ce \u201ew tym czasie pr\u00f3by musimy by\u0107 lud\u017ami nadziei\u201d. Zauwa\u017cy\u0142, \u017ce to\u017csamo\u015b\u0107 Seraphicum to nie jakakolwiek rzeczywisto\u015b\u0107 akademicka, ale wierno\u015b\u0107 charyzmatowi franciszka\u0144skiemu. Odwo\u0142a\u0142 si\u0119 do \u015bw. Bonawentury, patrona wydzia\u0142u, i do jego \u201erady\u201d: studiowa\u0107, aby budowa\u0107 bli\u017aniego, praktykowa\u0107 pokor\u0119 tak\u017ce w nauce, poniewa\u017c teolog musi zawsze umie\u0107 rozpoznawa\u0107 w\u0142asne ograniczenia i czu\u0107 si\u0119 zaanga\u017cowanym w \u017cycie codzienne, wraz z jego problemami. Zawarta jest tu zach\u0119ta dla student\u00f3w i dla profesor\u00f3w, aby nawzajem byli wymagaj\u0105cy: ci pierwsi maj\u0105 dawa\u0107 z siebie wszystko, ci drudzy maj\u0105 stawa\u0107 si\u0119 \u015bwiadkami.<br \/>\nNast\u0119pnie dziekan wydzia\u0142u fr. Dinh Anh Nhue NGUYEN przedstawi\u0142 zarys nowego roku akademickiego, kt\u00f3ry nacechowany jest niepewno\u015bci\u0105 charakteryzuj\u0105c\u0105 ca\u0142y \u015bwiat, ale zawiera plan kontynuowania z determinacj\u0105 formacji intelektualnej. W tym kontek\u015bcie podkre\u015bli\u0142 mi\u0119dzynarodowy charakter uczelni, kt\u00f3ra go\u015bci student\u00f3w z ca\u0142ego \u015bwiata, a tak\u017ce nawi\u0105za\u0142 do najbli\u017cszych wydarze\u0144 akademickich.<br \/>\nWyk\u0142ad inauguracyjny wyg\u0142osi\u0142 prof. Luciano BERTAZZO OFMConv, wyk\u0142adowca historii Ko\u015bcio\u0142a na Wydziale Teologicznym \u201eTriveneto\u201d z siedzib\u0105 w Padwie, dyrektor O\u015brodka Studi\u00f3w Antonia\u0144skich, autorytet \u015bwiata franciszka\u0144skiego, tak\u017ce dzi\u0119ki wa\u017cnym badaniom nad \u015bw. Antonim Padewskim. Temat wyk\u0142adu brzmia\u0142: \u201eStudia franciszka\u0144skie: por\u00f3wnanie mi\u0119dzy bratem Franciszkiem a bratem Antonim. Spojrzenie historyczne i refleksja historiograficzna\u201d.<br \/>\nWyst\u0105pienie dotyczy\u0142o r\u00f3\u017cnych aspekt\u00f3w historycznych, historiograficznych i bibliograficznych brata Franciszka i brata Antoniego: \u201eNiemo\u017cliwe jest ca\u0142o\u015bciowe obj\u0119cie postaci \u015bw. Franciszka, kt\u00f3ry zawsze wykracza \u00abponad\u00bb! Postaci \u015bw. Franciszka, kt\u00f3ry rozci\u0105ga si\u0119 na wielorak\u0105 obecno\u015b\u0107 i interpretacj\u0119; Franciszka, brata Franciszka, \u015bw. Franciszka \u00abwielozadaniowego\u00bb w dziedzinie ekumenizmu, ekologii, ekonomii. Postaci Franciszka widzianego i interpretowanego \u00abpo tej stronie\u00bb, ale kt\u00f3ry zreszt\u0105 zawsze pozostaje \u00abpo drugiej stronie\u00bb w tajemniczym zafascynowaniu si\u0119 \u2013 oczywi\u015bcie obok niezb\u0119dnego w\u0105tku interpretacyjnego \u2013 jego histori\u0105, jego osobowo\u015bci\u0105, jego przes\u0142aniem. A Antoni? O nim mo\u017cemy powiedzie\u0107, \u017ce wci\u0105\u017c brakuje biografii, kt\u00f3ra mog\u0142aby nam przywr\u00f3ci\u0107 go w z\u0142o\u017cono\u015bci jego postaci, nie tylko w odniesieniu do dynamiki <em>minoritas<\/em> jako apostolskiego wyrazu pierwotnego franciszkanizmu, ale tak\u017ce w jego nieprzyst\u0119pnej i milcz\u0105cej osobowo\u015bci, kt\u00f3r\u0105 zda si\u0119 mo\u017cna poj\u0105\u0107. W ka\u017cdym b\u0105d\u017a razie wraz z jej urokiem w pe\u0142ni uchwyconym przez \u00abmaluczkich\u00bb, kt\u00f3rzy wyczuwaj\u0105 w nim \u00abojca i brata\u00bb w trudach \u017cycia\u201d.<br \/>\nNa uroczysto\u015bci inauguracyjnej, opr\u00f3cz wyk\u0142adowc\u00f3w i student\u00f3w, byli obecni fr. Agust\u00edn HERN\u00c1NDEZ OFM, wicerektor Papieskiego Uniwersytetu Antonianum, fr. Luca BIANCHI OFMCap, dziekan Franciszka\u0144skiego Instytutu Duchowo\u015bci, fr. Dominique Joseph MATHIEU, asystent generalny Zakonu.<\/p>\n<p style=\"text-align: right;\">Elisabetta LO IACONO, biuro prasowe Seraphicum<\/p>\nngg_shortcode_0_placeholder\n","protected":false},"excerpt":{"rendered":"<p>\u201eNa cze\u015b\u0107 i chwa\u0142\u0119 Tr\u00f3jcy Przenaj\u015bwi\u0119tszej, Ojca i Syna i Ducha \u015awi\u0119tego, wzywaj\u0105c wstawiennictwa Naj\u015bwi\u0119tszej Maryi Panny, Matki Bo\u017cej, ojca serafickiego \u015bw. Franciszka i doktora serafickiego \u015bw. Bonawentury, jako wielki wicekanclerz wydzia\u0142u, og\u0142aszam rok akademicki 2020\/2021 za otwarty \u2013 117. rok w historii wydzia\u0142u\u201d. T\u0105 zwyczajow\u0105 formu\u0142\u0105, wypowiedzian\u0105 w sobot\u0119 17 pa\u017adziernika 2020 r., fr. [&hellip;]<\/p>\n","protected":false},"author":1,"featured_media":28603,"comment_status":"closed","ping_status":"open","sticky":false,"template":"","format":"standard","meta":{"ngg_post_thumbnail":0,"footnotes":""},"categories":[144,149],"tags":[335,1724],"class_list":["post-28607","post","type-post","status-publish","format-standard","has-post-thumbnail","category-ufficio-comunicazioni-pl","category-wiadomosci","tag-seraphicum-pl","tag-seraphicum-2-pl"],"_links":{"self":[{"href":"https:\/\/www.ofmconv.net\/pl\/wp-json\/wp\/v2\/posts\/28607","targetHints":{"allow":["GET"]}}],"collection":[{"href":"https:\/\/www.ofmconv.net\/pl\/wp-json\/wp\/v2\/posts"}],"about":[{"href":"https:\/\/www.ofmconv.net\/pl\/wp-json\/wp\/v2\/types\/post"}],"author":[{"embeddable":true,"href":"https:\/\/www.ofmconv.net\/pl\/wp-json\/wp\/v2\/users\/1"}],"replies":[{"embeddable":true,"href":"https:\/\/www.ofmconv.net\/pl\/wp-json\/wp\/v2\/comments?post=28607"}],"version-history":[{"count":0,"href":"https:\/\/www.ofmconv.net\/pl\/wp-json\/wp\/v2\/posts\/28607\/revisions"}],"wp:featuredmedia":[{"embeddable":true,"href":"https:\/\/www.ofmconv.net\/pl\/wp-json\/wp\/v2\/media\/28603"}],"wp:attachment":[{"href":"https:\/\/www.ofmconv.net\/pl\/wp-json\/wp\/v2\/media?parent=28607"}],"wp:term":[{"taxonomy":"category","embeddable":true,"href":"https:\/\/www.ofmconv.net\/pl\/wp-json\/wp\/v2\/categories?post=28607"},{"taxonomy":"post_tag","embeddable":true,"href":"https:\/\/www.ofmconv.net\/pl\/wp-json\/wp\/v2\/tags?post=28607"}],"curies":[{"name":"wp","href":"https:\/\/api.w.org\/{rel}","templated":true}]}}