{"id":29077,"date":"2020-10-28T15:39:22","date_gmt":"2020-10-28T14:39:22","guid":{"rendered":"https:\/\/ofmconv.net\/italia-nord-visita-canonica-generalizia-alla-provincia-di-santantonio-di-padova\/"},"modified":"2020-10-28T17:47:05","modified_gmt":"2020-10-28T16:47:05","slug":"italia-nord-visita-canonica-generalizia-alla-provincia-di-santantonio-di-padova","status":"publish","type":"post","link":"https:\/\/www.ofmconv.net\/pl\/italia-nord-visita-canonica-generalizia-alla-provincia-di-santantonio-di-padova\/","title":{"rendered":"W\u0142ochy: wizytacja kanoniczna generalna w prowincji \u015bw. Antoniego z Padwy"},"content":{"rendered":"<p><strong>W marcu i pa\u017adzierniku 2020 r. mia\u0142a miejsce wizytacja kanoniczna generalna w prowincji w\u0142oskiej \u015bw. Antoniego z Padwy (W\u0142ochy P\u00f3\u0142nocne).<\/strong><\/p>\n<p>Wizytacj\u0119 przeprowadzi\u0142 zesp\u00f3\u0142 wizytator\u00f3w mianowanych przez ministra generalnego fr. Carlosa TROVARELLI: fr. Tadeusz \u015aWI\u0104TKOWSKI (klasztory prowincji we W\u0142oszech), fr. Rog\u00e9rio PEREIRA XAVIER (delegatury prowincjalne w Portugalii i Chile) oraz fr. Nicola ROSA (kwestie ekonomiczne).<br \/>\nZ powodu pandemii konieczne by\u0142o wprowadzenie pewnych zmian do pierwotnego programu wizytacji, a ponadto odbywa\u0142a si\u0119 ona na r\u00f3\u017cne sposoby (w niekt\u00f3rych klasztorach by\u0142a mo\u017cliwo\u015b\u0107 bezpo\u015bredniego wys\u0142uchania braci, w innych za pomoc\u0105 kwestionariuszy).<br \/>\nOd strony historycznej prowincja padewska jest powi\u0105zana z prowincj\u0105 lombardzk\u0105 b\u0105d\u017a bolo\u0144sk\u0105. Powsta\u0142a w wyniku pierwszego podzia\u0142u Zakonu na prowincje podczas kapitu\u0142y generalnej w 1217 r. Pierwszym ministrem prowincjalnym, wyznaczonym przez serafickiego ojca \u015bw. Franciszka, by\u0142 fr. Pietro Giovanni STRACCHIA. Drugim ministrem prowincjalnym zosta\u0142 fr. Graziano, a trzecim wydaje si\u0119 by\u0107 \u015bw. Antoni (por. A. SARTORI, La Provincia del Santo, Padwa 1958, s. 330).<br \/>\nProwincja sk\u0142ada si\u0119 obecnie z trzech dawnych jurysdykcji: Padwy, Genui i Bolonii, i rozci\u0105ga si\u0119 od Genui a\u017c po Triest. Posiada 27 klasztor\u00f3w we W\u0142oszech i dwie delegatury prowincjalne w Portugalii i Chile. Zakonnicy z prowincji s\u0105 zaanga\u017cowani w wiele pos\u0142ug apostolskich i dzie\u0142 charytatywnych, z kt\u00f3rych najwa\u017cniejsze, poza parafiami i sanktuariami, to: wydawnictwo \u201eMessaggero di Sant\u2019Antonio\u201d, \u201eCaritas Antoniana\u201d, o\u015brodki pomocy ubogim, chorym, m\u0142odzie\u017cy itp.<br \/>\nWarto doda\u0107, \u017ce do prowincji nale\u017cy kustodia prowincjalna \u015bw. Antoniego z Padwy w Ghanie, za\u015b do niedawna mia\u0142a r\u00f3wnie\u017c kustodi\u0119 w Indonezji, kt\u00f3ra na ostatniej kapitule generalnej zosta\u0142a ustanowiona prowincj\u0105.<br \/>\nWiosn\u0105 2021 r. odb\u0119dzie si\u0119 kapitu\u0142a prowincjalna zwyczajna prowincji padewskiej.<\/p>\n<p style=\"text-align: right;\">Fr. Tadeusz \u015aWI\u0104TKOWSKI, wizytator generalny<\/p>\nngg_shortcode_0_placeholder\n","protected":false},"excerpt":{"rendered":"<p>W marcu i pa\u017adzierniku 2020 r. mia\u0142a miejsce wizytacja kanoniczna generalna w prowincji w\u0142oskiej \u015bw. Antoniego z Padwy (W\u0142ochy P\u00f3\u0142nocne). Wizytacj\u0119 przeprowadzi\u0142 zesp\u00f3\u0142 wizytator\u00f3w mianowanych przez ministra generalnego fr. Carlosa TROVARELLI: fr. Tadeusz \u015aWI\u0104TKOWSKI (klasztory prowincji we W\u0142oszech), fr. Rog\u00e9rio PEREIRA XAVIER (delegatury prowincjalne w Portugalii i Chile) oraz fr. Nicola ROSA (kwestie ekonomiczne). Z [&hellip;]<\/p>\n","protected":false},"author":1,"featured_media":29073,"comment_status":"closed","ping_status":"open","sticky":false,"template":"","format":"standard","meta":{"ngg_post_thumbnail":0,"footnotes":""},"categories":[131,118,149],"tags":[2152,645,2154],"class_list":["post-29077","post","type-post","status-publish","format-standard","has-post-thumbnail","category-federacje","category-fimp-pl","category-wiadomosci","tag-italia-nord-pl","tag-wizytacja","tag-wlochy-polnoc"],"_links":{"self":[{"href":"https:\/\/www.ofmconv.net\/pl\/wp-json\/wp\/v2\/posts\/29077","targetHints":{"allow":["GET"]}}],"collection":[{"href":"https:\/\/www.ofmconv.net\/pl\/wp-json\/wp\/v2\/posts"}],"about":[{"href":"https:\/\/www.ofmconv.net\/pl\/wp-json\/wp\/v2\/types\/post"}],"author":[{"embeddable":true,"href":"https:\/\/www.ofmconv.net\/pl\/wp-json\/wp\/v2\/users\/1"}],"replies":[{"embeddable":true,"href":"https:\/\/www.ofmconv.net\/pl\/wp-json\/wp\/v2\/comments?post=29077"}],"version-history":[{"count":0,"href":"https:\/\/www.ofmconv.net\/pl\/wp-json\/wp\/v2\/posts\/29077\/revisions"}],"wp:featuredmedia":[{"embeddable":true,"href":"https:\/\/www.ofmconv.net\/pl\/wp-json\/wp\/v2\/media\/29073"}],"wp:attachment":[{"href":"https:\/\/www.ofmconv.net\/pl\/wp-json\/wp\/v2\/media?parent=29077"}],"wp:term":[{"taxonomy":"category","embeddable":true,"href":"https:\/\/www.ofmconv.net\/pl\/wp-json\/wp\/v2\/categories?post=29077"},{"taxonomy":"post_tag","embeddable":true,"href":"https:\/\/www.ofmconv.net\/pl\/wp-json\/wp\/v2\/tags?post=29077"}],"curies":[{"name":"wp","href":"https:\/\/api.w.org\/{rel}","templated":true}]}}